{"id":6802,"date":"2021-04-13T10:41:49","date_gmt":"2021-04-13T14:41:49","guid":{"rendered":"https:\/\/pembrokediocese.com\/bulletin\/6-avril-2021-copy\/"},"modified":"2021-04-13T11:00:39","modified_gmt":"2021-04-13T15:00:39","slug":"13-avril-2021","status":"publish","type":"post","link":"https:\/\/pembrokediocese.com\/fr\/bulletin\/13-avril-2021\/","title":{"rendered":"BULLETIN HEBDOMADAIRE  &#8211; le 13 avril 2021  (F\u00e9rie)"},"content":{"rendered":"<blockquote>\n<h3><strong><em>Nul n&rsquo;est mont\u00e9 au ciel sinon celui qui est descendu du ciel, le Fils de l&rsquo;homme.<\/em><\/strong><\/h3>\n<p>(Jean 3, 7b-15)<\/p><\/blockquote>\n<hr \/>\n<h2><strong>MESSAGE DE L\u2019\u00c9V\u00caQUE<\/strong><\/h2>\n<h3><strong>Amour, Mis\u00e9ricorde et Justice ne font qu\u2019un!<\/strong><\/h3>\n<p><strong>Chers fr\u00e8res et s\u0153urs dans le Christ,<\/strong><\/p>\n<p>Dimanche dernier, nous avons eu la gr\u00e2ce de c\u00e9l\u00e9brer la f\u00eate de la Divine Mis\u00e9ricorde en la cath\u00e9drale de saint Columbkille. Cette f\u00eate \u00e9tait pr\u00e9c\u00e9d\u00e9e par la populaire neuvaine \u00e0 la divine mis\u00e9ricorde qui commence toujours le Vendredi Saint et se cl\u00f4ture par la f\u00eate de la Divine Mis\u00e9ricorde le deuxi\u00e8me dimanche de P\u00e2ques. Elle a cette particularit\u00e9 d\u2019accorder une indulgence pl\u00e9ni\u00e8re \u00e0 ceux qui prient cette neuvaine et que l\u2019on peut soit appliquer \u00e0 soi-m\u00eame, soit \u00e0 une personne d\u00e9funte de notre choix.<\/p>\n<p>Cette f\u00eate a \u00e9t\u00e9 institu\u00e9e par saint Jean-Paul II en l\u2019an 2,000 le jour m\u00eame de la canonisation de S\u0153ur Faustine. Mieux connu sous le nom de \u00ab\u00a0S\u0153ur Faustina\u00a0\u00bb, cette religieuse polonaise aurait eu des visions et locutions de la part du Seigneur. Le Christ lui avait dit\u00a0: \u00ab\u00a0La F\u00eate de la Mis\u00e9ricorde est issue de mes entrailles, je d\u00e9sire qu&rsquo;elle soit f\u00eat\u00e9e solennellement le premier dimanche apr\u00e8s P\u00e2ques.\u00a0\u00bb Le saint Pape Jean-Paul II n\u2019a pas d\u00e9cid\u00e9 de canoniser s\u0153ur Marie-Faustina Kowalska de fa\u00e7on arbitraire et uniquement parce qu\u2019elle \u00e9tait d\u2019origine polonaise comme lui. C\u2019est bien plut\u00f4t \u00e0 cause de la profonde sagesse et science divines qu\u2019elle nous livre dans ses \u00e9crits, notamment dans son \u0153uvre intitul\u00e9e \u00ab\u00a0Petit journal de s\u0153ur Faustine\u00a0\u00bb, o\u00f9 l\u2019on d\u00e9couvre un v\u00e9ritable tr\u00e9sor de connaissances et de bienfaits spirituels d\u00e9coulant de la nature et des effets de la mis\u00e9ricorde infinie de Dieu, et tel que r\u00e9v\u00e9l\u00e9 par notre Seigneur J\u00e9sus-Christ lui-m\u00eame.<\/p>\n<p>J\u2019ai eu la chance de parler un tant soit peu sur la Mis\u00e9ricorde Divine dimanche dernier, entre 14h30 et 15h00, peu apr\u00e8s l\u2019exposition du Saint-Sacrement. Je vous livre ici un \u00e9l\u00e9ment important que j\u2019ai mis en lumi\u00e8re en livrant mon enseignement\u00a0: l\u2019Amour, la Mis\u00e9ricorde et la Justice divine ne sont en r\u00e9alit\u00e9 qu\u2019une seule et m\u00eame r\u00e9alit\u00e9 interreli\u00e9e et qui exprime ou d\u00e9finit l\u2019essence m\u00eame de l\u2019\u00eatre myst\u00e9rieux de notre Dieu. Et puisque nous sommes cr\u00e9\u00e9s \u00e0 son image et \u00e0 sa ressemblance, nous aurions tout int\u00e9r\u00eat \u00e0 mieux approfondir ce myst\u00e8re d\u2019unit\u00e9 spirituelle qui doit exister entre les trois attributs, car elles font \u00e9galement partie int\u00e9grante de notre \u00eatre spirituel qui provient directement de Dieu.<\/p>\n<p>M\u00eame apr\u00e8s avoir pass\u00e9 un million d\u2019ann\u00e9es en pr\u00e9sence de Dieu, nous ne parviendrons jamais \u00e0 comprendre pleinement la profondeur de ce myst\u00e8re d\u2019unit\u00e9 qui existe entre ces trois attributs divins. Ce n\u2019est que dans le but de mieux comprendre intellectuellement cette myst\u00e9rieuse r\u00e9alit\u00e9 que nous l\u2019avons d\u00e9cortiqu\u00e9e en trois entit\u00e9s distinctes. Ces trois attributs ne doivent cependant jamais \u00eatre consid\u00e9r\u00e9s comme des entit\u00e9s diff\u00e9rentes l\u2019une de l\u2019autre, comme si \u00e0 certains moments, Dieu se servirait de l\u2019une ou de l\u2019autre selon son bon vouloir ou plaisir.<\/p>\n<p>Pour conclure, nous aurions grand avantage \u00e0 relire la Bible tout enti\u00e8re \u00e0 la lumi\u00e8re de cette v\u00e9rit\u00e9 fondamentale. Car m\u00eame les ch\u00e2timents, qui sont apparemment les effets \u00e9manant uniquement de la justice divine, nous appara\u00eetraient tout-\u00e0-coup sous un nouveau jour\u00a0: celui d\u2019une correction parentale motiv\u00e9e uniquement par l\u2019amour et la mis\u00e9ricorde port\u00e9e envers l\u2019\u00eatre aim\u00e9. Cette correction viserait par cons\u00e9quent \u00e0 \u00e9duquer et \u00e0 faire grandir la personne plut\u00f4t que de simplement la punir parce qu\u2019une juste r\u00e9tribution s\u2019impose au r\u00e9calcitrant et au d\u00e9sob\u00e9issant qui ose d\u00e9fier l\u2019autorit\u00e9 supr\u00eame. Et cette relecture nous permettrait de voir et de mieux saisir la corr\u00e9lation et l\u2019harmonie parfaite et infinie qui existera toujours entre l\u2019Amour, la Mis\u00e9ricorde et la Justice divine, et que nous devons prendre pour mod\u00e8le puisque nous sommes faits \u00e0 l\u2019image de Dieu.<\/p>\n<p>Retenons qu\u2019il n\u2019y a pas de <strong>Justice<\/strong> sans Amour et Mis\u00e9ricorde. Pas d\u2019<strong>Amour<\/strong> sans Mis\u00e9ricorde et Justice. Pas de <strong>Mis\u00e9ricorde<\/strong> sans Amour et Justice. Que cette pens\u00e9e nous am\u00e8ne \u00e0 imiter Dieu et \u00e0 vivre en v\u00e9ritables enfants de Dieu\u00a0: capables d\u2019amour inconditionnel, capables de pardonner notre prochain 70 fois 7 fois, et capables de corriger et d\u2019\u00e9duquer le prochain en toute justice-charit\u00e9-mis\u00e9ricorde. Pour ce faire, il faut certes demander et recevoir toutes ces gr\u00e2ces de Dieu; mais implorons-les tous les jours avec confiance et insistance afin de t\u00e9moigner au monde que nous sommes d\u00e9j\u00e0 ressuscit\u00e9s en esp\u00e9rance dans le Christ!<\/p>\n<p>Sinc\u00e8rement v\u00f4tres dans le Christ ressuscit\u00e9,<\/p>\n<p>&nbsp;<\/p>\n<p>+Guy Desrochers, C.Ss.R.<\/p>\n<p>\u00c9v\u00eaque de Pembroke<\/p>\n<hr \/>\n<h2><strong>DU DIOC\u00c8SE<\/strong><\/h2>\n<h3><strong>Rester \u00e0 la maison<\/strong><\/h3>\n<p>Pendant l\u2019ordre de rester \u00e0 la maison \u00e9mis par le premier ministre Doug Ford, la plupart des membres du personnel de la chancellerie font du t\u00e9l\u00e9travail. Vous pouvez les joindre par courriel. Pour le r\u00e9pertoire, veuillez consulter notre site Web \u00e0 <a href=\"http:\/\/www.pembrokediocese.com\">www.pembrokediocese.com<\/a>.<\/p>\n<h3><strong>Nominations du clerg\u00e9<\/strong><\/h3>\n<p><strong>Monseigneur Guy Desrochers C.Ss.R. annonce les nominations suivantes:<\/strong><\/p>\n<ul>\n<li><strong>Le p\u00e8re Timothy Moyle<\/strong> est nomm\u00e9 cur\u00e9 de la paroisse Sainte-Anne, Mattawa. Cette nomination entre en vigueur le 1<sup>er<\/sup> mai 2021.<\/li>\n<li><strong>Le p\u00e8re Scott Murray<\/strong> est nomm\u00e9 cur\u00e9 de la paroisse St-Alphonse, Chapeau; de la paroisse St Paul the Hermit, Sheenboro; et de la paroisse St Joseph, St-Joseph. Cette nomination entre en vigueur le 1er mai 2021.<\/li>\n<\/ul>\n<p>Apr\u00e8s une p\u00e9riode de consultation aupr\u00e8s des pr\u00eatres du dioc\u00e8se, Mgr Guy Desrochers C.Ss.R. annonce les nominations suivantes au poste de doyen:<\/p>\n<ul>\n<li><strong>Le p\u00e8re Mitchell Beachey<\/strong>, doyen du doyenn\u00e9 de Pembroke<\/li>\n<li><strong>Le p\u00e8re Kerry Brennan<\/strong>, doyen du doyenn\u00e9 de Renfrew<\/li>\n<li><strong>Le p\u00e8re Patrick Dobec<\/strong>, doyen du doyenn\u00e9 de Barry&rsquo;s Bay<\/li>\n<li><strong>Le p\u00e8re Michael Goring<\/strong>, doyen du doyenn\u00e9 de Pontiac<\/li>\n<li><strong>Le p\u00e8re Cyril Okebanama, s.m.m.m<\/strong>., doyen du doyenn\u00e9 de Mattawa<\/li>\n<\/ul>\n<p>Tous les doyens sont nomm\u00e9s pour un mandat de trois ans \u00e0 compter du 27 mars 2021.<\/p>\n<p>Sinc\u00e8res remerciements \u00e0 tous ceux qui ont accept\u00e9 une nouvelle nomination.<\/p>\n<h3><strong>C\u00e9l\u00e9brons l\u2019Ann\u00e9e de saint Joseph<\/strong><\/h3>\n<p>Vous trouverez des ressources pour comm\u00e9morer l&rsquo;ann\u00e9e de saint Joseph sur le site\u00a0<a href=\"https:\/\/pembrokediocese.com\/fr\/category\/year-of-st-joseph-fr\/\">ici.<\/a><\/p>\n<hr \/>\n<h2><strong>DE LA CECC<\/strong><\/h2>\n<h3><strong>Suggestions d\u2019hom\u00e9lies et de pri\u00e8res des fid\u00e8les pour la vie et la famille pendant le mois d\u2019avril 2021<\/strong><\/h3>\n<p>M\u00eame pendant une p\u00e9riode d\u2019isolement social \u00e0 cause de la pand\u00e9mie de coronavirus, la liturgie dominicale continue de nourrir la pri\u00e8re et la r\u00e9flexion pendant toute la semaine \u2013 que nous m\u00e9ditions sur les lectures ou participions \u00e0 une \u00e9mission t\u00e9l\u00e9vis\u00e9e de la messe et fassions une communion spirituelle.<\/p>\n<p>La Conf\u00e9rence des \u00e9v\u00eaques catholiques du Canada (CECC) poursuit la publication des suggestions de pistes d\u2019hom\u00e9lies et de pri\u00e8res des fid\u00e8les pour faire le lien entre la liturgie du dimanche et l\u2019initiative pastorale pour la vie et la famille. Les textes propos\u00e9s pour le mois d\u2019avril 2021 contiennent des suggestions pour la p\u00e9riode allant du Jeudi de la Semaine sainte (Jeudi saint), le 1<sup>er<\/sup> avril jusqu\u2019au 4<sup>e<\/sup> dimanche de P\u00e2ques, le 25 avril 2021. Comme \u00e0 l\u2019habitude, les suggestions d\u2019hom\u00e9lies et de pri\u00e8res peuvent facilement \u00eatre adapt\u00e9es pour la pri\u00e8re en famille, de m\u00eame que pour la pri\u00e8re personnelle ou pour les besoins d\u2019autres groupes ou organismes. Les textes pour le mois d\u2019avril sont accessibles sur la page web sp\u00e9ciale pour la vie et la famille, sous la section \u00ab\u00a0<strong><u><a href=\"https:\/\/www.cccb.ca\/fr\/foi-et-questions-morales\/famille-et-vie\/suggestions-dhomelies-et-de-prieres-des-fideles\/\">Suggestions d\u2019hom\u00e9lies et de pri\u00e8res des fid\u00e8les\u00a0<\/a><\/u><\/strong>\u00bb.<\/p>\n<h3><strong>Semaine nationale pour la vie et la famille<\/strong><\/h3>\n<p>\u00c0 la suite des recommandations de l\u2019ancien Comit\u00e9\u00a0ad hoc\u00a0sur la vie et la famille de la Conf\u00e9rence des \u00e9v\u00eaques catholiques du Canada (CECC), les \u00e9v\u00eaques du Canada, \u00e0 leur Assembl\u00e9e pl\u00e9ni\u00e8re d\u2019octobre 2011, ont adopt\u00e9 un plan visant \u00e0 mettre en \u0153uvre une initiative pastorale nationale pour la vie et la famille. <a href=\"https:\/\/www.cccb.ca\/fr\/semaine-nationale-pour-la-vie-et-la-famille\/\">(Lire la suite\u2026)<\/a><\/p>\n<hr \/>\n<h2><strong>COVID-19<\/strong><\/h2>\n<h3><strong>L&rsquo;anxi\u00e9t\u00e9 n&rsquo;est pas un choix \u2013 La fa\u00e7on dont vous vivez votre vie l&rsquo;est <\/strong><\/h3>\n<p><strong>(R\u00e9flexions psychologiques et spirituelles sur la fa\u00e7on de faire face \u00e0 la pand\u00e9mie et \u00e0 d&rsquo;autres facteurs de stress importants) de Dr Len Gignac<\/strong><\/p>\n<p>L&rsquo;id\u00e9e que l&rsquo;anxi\u00e9t\u00e9 et m\u00eame la peur ne sont pas un choix peut \u00eatre, au d\u00e9but, surprenante. La peur de contracter la COVID-19 a certainement d\u00e9clench\u00e9 une grande partie de ce malaise, et les gens ont d\u00fb faire des choix difficiles sur la fa\u00e7on de g\u00e9rer tout cela. Qu&rsquo;on le veuille ou non, la v\u00e9rit\u00e9 est que la douleur et la souffrance font partie de la vie. La souffrance mentale, comme la peur ou l&rsquo;anxi\u00e9t\u00e9, est \u00e9galement ressentie \u00e0 des degr\u00e9s divers et \u00e0 des moments diff\u00e9rents. Il est important de faire la distinction entre la peur\/anxi\u00e9t\u00e9 normale et celle qui menace notre seuil de tol\u00e9rance et commence \u00e0 diriger notre vie. <a href=\"https:\/\/pembrokediocese.com\/fr\/article\/lanxiete-nest-pas-un-choix-la-facon-dont-vous-vivez-votre-vie-lest\/\">(Lire la suite\u2026)<\/a><\/p>\n<hr \/>\n<h2><strong>\u00c9V\u00c9NEMENTS PAROISSIAUX<\/strong><\/h2>\n<h3><strong>Sainte Messe \u2013 forme extraordinaire<\/strong><\/h3>\n<p>La Sainte Messe sous forme extraordinaire est offerte \u00e0 la Cath\u00e9drale St Columbkille le premier samedi de chaque mois \u00e0 9 h. Ces Messes sont sous la forme de la Liturgie telle qu&rsquo;elle \u00e9tait c\u00e9l\u00e9br\u00e9e au moment du Concile Vatican II &#8211; la m\u00eame forme qui a nourri la foi de beaucoup de nos anc\u00eatres. Des traductions en anglais de l&rsquo;ensemble de la messe sont fournies. <strong>Prochaine messe: le 1er mai.<\/strong><\/p>\n<hr \/>\n<h2><strong>PRO-VIE<\/strong><\/h2>\n<h3><strong>Message de la CECC sur l\u2019euthanasie et le suicide assist\u00e9<\/strong><\/h3>\n<p>Veuillez trouver ci-joint un message aux fid\u00e8les sur l\u2019euthanasie et le suicide assist\u00e9 publi\u00e9 par le Conseil permanent conform\u00e9ment \u00e0 la recommandation du Bureau de direction. Ce message fait suite \u00e0 l&rsquo;adoption du projet de loi C-7 le 17 mars 2021, qui \u00e9largit les crit\u00e8res d&rsquo;\u00e9ligibilit\u00e9 de la l\u00e9gislation canadienne sur l\u2019\u00ab AAM \u00bb. <a href=\"https:\/\/www.cccb.ca\/fr\/foi-et-questions-morales\/souffrance-et-fin-de-vie\/\">https:\/\/www.cccb.ca\/fr\/foi-et-questions-morales\/souffrance-et-fin-de-vie\/<\/a><\/p>\n<hr \/>\n<h2><strong>OPPORTUNIT\u00c9 D&rsquo;EMPLOI<\/strong><\/h2>\n<h3><strong>Coordonnateur des b\u00e2timents et de la construction \u2013 L\u2019Archidioc\u00e8se d\u2019Ottawa-Cornwall<\/strong><\/h3>\n<p>L&rsquo;Archidioc\u00e8se d&rsquo;Ottawa-Cornwall est \u00e0 la recherche d\u2019un coordonnateur des b\u00e2timents et de la construction pour travailler sous la supervision du g\u00e9rant de la Planification, des propri\u00e9t\u00e9s et des logements au sein du d\u00e9partement des Propri\u00e9t\u00e9s. Envoyez une lettre de pr\u00e9sentation et CV \u00e0: <a href=\"mailto:yjeanjoseph@archottawa.ca\">yjeanjoseph@archottawa.ca<\/a>. <strong>Date limite pour postuler est le 30 avril 2021<\/strong>. <a href=\"https:\/\/fr.archoc.ca\/opportunites-demploi\">https:\/\/fr.archoc.ca\/opportunites-demploi<\/a>.<\/p>\n","protected":false},"excerpt":{"rendered":"<p>Nul n&rsquo;est mont\u00e9 au ciel sinon celui qui est descendu du ciel, le Fils de l&rsquo;homme. (Jean 3, 7b-15) MESSAGE DE L\u2019\u00c9V\u00caQUE Amour, Mis\u00e9ricorde et Justice ne font qu\u2019un! Chers fr\u00e8res et s\u0153urs dans le Christ, Dimanche dernier, nous avons eu la gr\u00e2ce de c\u00e9l\u00e9brer la f\u00eate de la Divine Mis\u00e9ricorde en la cath\u00e9drale de saint Columbkille. Cette f\u00eate \u00e9tait pr\u00e9c\u00e9d\u00e9e par la populaire neuvaine \u00e0 la divine mis\u00e9ricorde qui commence toujours le Vendredi Saint et se cl\u00f4ture par la f\u00eate de la Divine Mis\u00e9ricorde le deuxi\u00e8me dimanche de P\u00e2ques. Elle a cette particularit\u00e9 d\u2019accorder une indulgence pl\u00e9ni\u00e8re \u00e0 ceux qui prient cette neuvaine et que l\u2019on peut soit appliquer \u00e0 soi-m\u00eame, soit \u00e0 une personne d\u00e9funte de notre choix. Cette f\u00eate a \u00e9t\u00e9 institu\u00e9e par saint Jean-Paul II en l\u2019an 2,000 le jour m\u00eame de la canonisation de S\u0153ur Faustine. Mieux connu sous le nom de \u00ab\u00a0S\u0153ur Faustina\u00a0\u00bb, cette religieuse polonaise aurait eu des visions et locutions de la part du Seigneur. Le Christ lui avait dit\u00a0: \u00ab\u00a0La F\u00eate de la Mis\u00e9ricorde est issue de mes entrailles, je d\u00e9sire qu&rsquo;elle soit f\u00eat\u00e9e solennellement le premier dimanche apr\u00e8s P\u00e2ques.\u00a0\u00bb Le saint Pape Jean-Paul II n\u2019a pas d\u00e9cid\u00e9 de canoniser s\u0153ur Marie-Faustina Kowalska de fa\u00e7on arbitraire et uniquement parce qu\u2019elle \u00e9tait d\u2019origine polonaise comme lui. C\u2019est bien plut\u00f4t \u00e0 cause de la profonde sagesse et science divines qu\u2019elle nous livre dans ses \u00e9crits, notamment dans son \u0153uvre intitul\u00e9e \u00ab\u00a0Petit journal de s\u0153ur Faustine\u00a0\u00bb, o\u00f9 l\u2019on d\u00e9couvre un v\u00e9ritable tr\u00e9sor de connaissances et de bienfaits spirituels d\u00e9coulant de la nature et des effets de la mis\u00e9ricorde infinie de Dieu, et tel que r\u00e9v\u00e9l\u00e9 par notre Seigneur J\u00e9sus-Christ lui-m\u00eame. J\u2019ai eu la chance de parler un tant soit peu sur la Mis\u00e9ricorde Divine dimanche dernier, entre 14h30 et 15h00, peu apr\u00e8s l\u2019exposition du Saint-Sacrement. Je vous livre ici un \u00e9l\u00e9ment important que j\u2019ai mis en lumi\u00e8re en livrant mon enseignement\u00a0: l\u2019Amour, la Mis\u00e9ricorde et la Justice divine ne sont en r\u00e9alit\u00e9 qu\u2019une seule et m\u00eame r\u00e9alit\u00e9 interreli\u00e9e et qui exprime ou d\u00e9finit l\u2019essence m\u00eame de l\u2019\u00eatre myst\u00e9rieux de notre Dieu. Et puisque nous sommes cr\u00e9\u00e9s \u00e0 son image et \u00e0 sa ressemblance, nous aurions tout int\u00e9r\u00eat \u00e0 mieux approfondir ce myst\u00e8re d\u2019unit\u00e9 spirituelle qui doit exister entre les trois attributs, car elles font \u00e9galement partie int\u00e9grante de notre \u00eatre spirituel qui provient directement de Dieu. M\u00eame apr\u00e8s avoir pass\u00e9 un million d\u2019ann\u00e9es en pr\u00e9sence de Dieu, nous ne parviendrons jamais \u00e0 comprendre pleinement la profondeur de ce myst\u00e8re d\u2019unit\u00e9 qui existe entre ces trois attributs divins. Ce n\u2019est que dans le but de mieux comprendre intellectuellement cette myst\u00e9rieuse r\u00e9alit\u00e9 que nous l\u2019avons d\u00e9cortiqu\u00e9e en trois entit\u00e9s distinctes. Ces trois attributs ne doivent cependant jamais \u00eatre consid\u00e9r\u00e9s comme des entit\u00e9s diff\u00e9rentes l\u2019une de l\u2019autre, comme si \u00e0 certains moments, Dieu se servirait de l\u2019une ou de l\u2019autre selon son bon vouloir ou plaisir. Pour conclure, nous aurions grand avantage \u00e0 relire la Bible tout enti\u00e8re \u00e0 la lumi\u00e8re de cette v\u00e9rit\u00e9 fondamentale. Car m\u00eame les ch\u00e2timents, qui sont apparemment les effets \u00e9manant uniquement de la justice divine, nous appara\u00eetraient tout-\u00e0-coup sous un nouveau jour\u00a0: [&hellip;]<\/p>\n","protected":false},"author":1,"featured_media":3815,"comment_status":"closed","ping_status":"closed","sticky":false,"template":"","format":"standard","meta":{"_monsterinsights_skip_tracking":false,"_monsterinsights_sitenote_active":false,"_monsterinsights_sitenote_note":"","_monsterinsights_sitenote_category":0,"footnotes":"","_links_to":"","_links_to_target":""},"categories":[114],"tags":[],"class_list":["post-6802","post","type-post","status-publish","format-standard","has-post-thumbnail","hentry","category-bulletin"],"post_mailing_queue_ids":[],"_links":{"self":[{"href":"https:\/\/pembrokediocese.com\/fr\/wp-json\/wp\/v2\/posts\/6802","targetHints":{"allow":["GET"]}}],"collection":[{"href":"https:\/\/pembrokediocese.com\/fr\/wp-json\/wp\/v2\/posts"}],"about":[{"href":"https:\/\/pembrokediocese.com\/fr\/wp-json\/wp\/v2\/types\/post"}],"author":[{"embeddable":true,"href":"https:\/\/pembrokediocese.com\/fr\/wp-json\/wp\/v2\/users\/1"}],"replies":[{"embeddable":true,"href":"https:\/\/pembrokediocese.com\/fr\/wp-json\/wp\/v2\/comments?post=6802"}],"version-history":[{"count":0,"href":"https:\/\/pembrokediocese.com\/fr\/wp-json\/wp\/v2\/posts\/6802\/revisions"}],"wp:featuredmedia":[{"embeddable":true,"href":"https:\/\/pembrokediocese.com\/fr\/wp-json\/wp\/v2\/media\/3815"}],"wp:attachment":[{"href":"https:\/\/pembrokediocese.com\/fr\/wp-json\/wp\/v2\/media?parent=6802"}],"wp:term":[{"taxonomy":"category","embeddable":true,"href":"https:\/\/pembrokediocese.com\/fr\/wp-json\/wp\/v2\/categories?post=6802"},{"taxonomy":"post_tag","embeddable":true,"href":"https:\/\/pembrokediocese.com\/fr\/wp-json\/wp\/v2\/tags?post=6802"}],"curies":[{"name":"wp","href":"https:\/\/api.w.org\/{rel}","templated":true}]}}