{"id":6826,"date":"2021-04-20T10:22:03","date_gmt":"2021-04-20T14:22:03","guid":{"rendered":"https:\/\/pembrokediocese.com\/bulletin\/13-avril-2021-copy\/"},"modified":"2021-04-20T10:33:49","modified_gmt":"2021-04-20T14:33:49","slug":"20-avril-2021","status":"publish","type":"post","link":"https:\/\/pembrokediocese.com\/fr\/bulletin\/20-avril-2021\/","title":{"rendered":"BULLETIN HEBDOMADAIRE  &#8211; le 20 avril 2021  (F\u00e9rie)"},"content":{"rendered":"<blockquote>\n<h3><strong><em>Ce n\u2019est pas Mo\u00efse, c\u2019est mon P\u00e8re qui vous donne le vrai pain venu du ciel.<\/em><\/strong><\/h3>\n<p>(Jean 6, 30-35)<\/p>\n<hr \/>\n<\/blockquote>\n<h2><strong>MESSAGE DE L\u2019\u00c9V\u00caQUE<\/strong><\/h2>\n<h3><strong>Trouver la paix au milieu des nouvelles restrictions et du confinement de la COVID<\/strong><\/h3>\n<p><strong>\u00a0Chers fr\u00e8res et s\u0153urs dans le Christ,<\/strong><\/p>\n<p>Depuis le d\u00e9but de la pand\u00e9mie, nous en sommes \u00e0 subir un troisi\u00e8me \u00ab\u00a0Ordre de rester \u00e0 la maison\u00a0\u00bb sous les recommandations des autorit\u00e9s sanitaires et selon les directives explicites du gouvernement de l\u2019Ontario. Lorsque j\u2019ai appris vendredi dernier que nous devions demeurer confin\u00e9s jusqu\u2019au 20 mai prochain avec encore plus de restrictions, j\u2019ai laiss\u00e9 entrer en moi un petit vent de d\u00e9couragement\u00a0: \u00ab\u00a0Pas encore,\u00a0\u00bb me dis-je! Et je pensais \u00e0 ma vieille m\u00e8re de 93 ans qui n\u2019a pas eu de visite depuis un mois d\u00e9j\u00e0 et qui devra attendre encore un autre mois avant de me revoir, et ce, \u00e0 l\u2019exemple de tant d\u2019autres personnes \u00e2g\u00e9es, vuln\u00e9rables et esseul\u00e9es \u00e0 plusieurs occasions depuis le d\u00e9but de la pand\u00e9mie. Je pensais aussi aux nombreux commer\u00e7ants et travailleurs qui voient fondre leurs revenus \u00e0 chaque confinement et qui peinent \u00e0 faire vivre leurs familles; je pensais aux nombreuses d\u00e9pressions et d\u00e9couragements qui vont possiblement en conduire certains \u00e0 s\u2019enlever la vie; je pensais \u00e0 toutes mes activit\u00e9s et rencontres qui devront se poursuivre encore par Zoom au lieu de se faire en mode pr\u00e9sentiel; j\u2019entrevoyais avec pessimisme les nouvelles restrictions qui s\u2019imposaient encore une fois au nombre de fid\u00e8les pr\u00e9sents lors de nos Eucharisties et services religieux; etc\u2026<\/p>\n<p>Et j\u2019\u00e9tais tent\u00e9 de crier tout haut au gouvernement et aux autorit\u00e9s sanitaires\u00a0: \u00ab\u00a0\u00c7a suffit! Ne voyez-vous pas que nous sommes rendus \u00e0 bout de toutes vos restrictions et confinements? Pourquoi rapportez-vous seulement les morts de la COVID tous les jours dans les m\u00e9dias? Ne comptez-vous pas tous les morts qui d\u00e9c\u00e8dent parce qu\u2019ils ne peuvent \u00eatre op\u00e9r\u00e9 \u00e0 temps? Les autres personnes qui d\u00e9c\u00e8dent pour toutes sortes de raisons autres que la COVID sont-elles devenues des sans-papier, des gens sans importance? Ne voyez-vous pas aussi toutes les personnes \u00e2g\u00e9es et laiss\u00e9es pour compte qui ont perdu le go\u00fbt de vivre et qui mange de moins en moins chaque jour \u00e0 cause de ces isolements forc\u00e9s, et qui les feront mourir pr\u00e9matur\u00e9ment \u00e0 cause de la solitude morbide qui les envahit?\u00a0\u00bb Des fid\u00e8les du dioc\u00e8se m\u2019ont m\u00eame \u00e9crit pour me demander conseil ou pour me demander d\u2019entreprendre avec eux une croisade de protestations au gouvernement pour contester toutes les restrictions et confinements qui nous sont impos\u00e9es, surtout ceux qui concernent nos lieux de culte.<\/p>\n<p>Apr\u00e8s plusieurs heures de r\u00e9flexion plus ou moins pessimiste, je priai pour obtenir la paix et pour donner sens \u00e0 tout cela. Le lendemain, je semblais mieux comprendre que cette pand\u00e9mie est permise par Dieu. Notre soci\u00e9t\u00e9 soi-disant moderne, qui ne fait \u00e0 peu pr\u00e8s aucune r\u00e9f\u00e9rence \u00e0 Dieu dans sa morale, dans ses discours et ses fa\u00e7ons d\u2019agir, a ni plus ni moins rejet\u00e9 Dieu comme P\u00e8re et Sauveur. Notre Cr\u00e9ateur a perdu la place qui lui revient de droit dans nos c\u0153urs. Et comme Dieu, de par sa nature toute-puissante et omnipr\u00e9sente, peut se servir de tout pour nous attirer \u00e0 Lui, et parce qu\u2019il est un P\u00e8re aimant qui d\u00e9sire ardemment que nous revenions \u00e0 Lui de tout c\u0153ur, utilise ces confinements et restrictions pour nous faire r\u00e9fl\u00e9chir et pour nous amener \u00e0 la conversion qui seule peut nous procurer la paix profonde et v\u00e9ritable de l\u2019\u00e2me.<\/p>\n<p>Fort de cette certitude et confiant en l\u2019amour et la mis\u00e9ricordieuse justice de Dieu, j\u2019ai mieux compris pourquoi le chr\u00e9tien, tout chr\u00e9tien, doit regarder notre r\u00e9alit\u00e9 pr\u00e9sente avec les yeux de Dieu. Le chr\u00e9tien est un \u00ab\u00a0donneur de sens\u00a0\u00bb qui est capable de ramener les gens qui recherchent un sens \u00e0 la vie en les invitant sur la route qui m\u00e8ne \u00e0 la vraie libert\u00e9, celle que Dieu seul peut donner \u00e0 celui ou celle qui lui ouvre tout grand son c\u0153ur.<\/p>\n<p>Je termine en vous livrant une r\u00e9flexion qu\u2019une chr\u00e9tienne a partag\u00e9 tout r\u00e9cemment\u00a0sur Facebook. N\u2019h\u00e9sitez pas \u00e0 faire circuler cette pens\u00e9e pleine de sagesse entre vous et ceux et celles que vous c\u00f4toyez. Ils pourraient tirer grand profit de cette r\u00e9flexion:<\/p>\n<p><em>\u00ab\u00a0C&rsquo;est un l\u00e9ger revers compar\u00e9 \u00e0 tout ce que la foi a surv\u00e9cu auparavant. Les juifs et les chr\u00e9tiens se sont trouv\u00e9s dans des situations bien pires \u00e0 maintes reprises, lorsqu&rsquo;ils \u00e9taient sous la domination d&rsquo;un empire \u00e9tranger, r\u00e9duits en esclavage, avec leurs temples et leurs maisons de pri\u00e8re br\u00fbl\u00e9s, saisis ou ferm\u00e9s, oblig\u00e9s d&rsquo;adorer des rois \u00e9trangers comme dieux, pers\u00e9cut\u00e9s, fuyant vers des pays \u00e9trangers, se cachant en exil, se cachant dans des catacombes, et ainsi de suite. Chaque fois que cela s&rsquo;est produit, leurs services communautaires, leurs pri\u00e8res et leurs psaumes se sont r\u00e9pandus sous terre et ils sont revenus plus nombreux. Je souris en moi-m\u00eame \u00e0 plusieurs reprises, lorsque j&rsquo;assiste \u00e0 des services religieux en ligne. D\u00e9sormais, nous ne sommes plus dans une \u00e9glise souterraine, mais bien dans le nuage (le \u00ab\u00a0Cloud\u00a0\u00bb) Internet.\u00a0\u00bb (Mme Monica Do Coutto Monni, cit\u00e9e avec sa permission)<\/em><\/p>\n<p>Sinc\u00e8rement v\u00f4tres dans le Christ ressuscit\u00e9,<\/p>\n<p>&nbsp;<\/p>\n<p>+Guy Desrochers, C.Ss.R.<\/p>\n<p>\u00c9v\u00eaque de Pembroke<\/p>\n<hr \/>\n<h2><strong>DU DIOC\u00c8SE<\/strong><\/h2>\n<h3><strong>Rester \u00e0 la maison<\/strong><\/h3>\n<p>Pendant l\u2019ordre de rester \u00e0 la maison \u00e9mis par le premier ministre Doug Ford, la plupart des membres du personnel de la chancellerie font du t\u00e9l\u00e9travail. Vous pouvez les joindre par courriel. Pour le r\u00e9pertoire, veuillez consulter notre site Web \u00e0 <a href=\"http:\/\/www.pembrokediocese.com\">www.pembrokediocese.com<\/a>.<\/p>\n<h3><strong>Nominations du clerg\u00e9<\/strong><\/h3>\n<p><strong>Monseigneur Guy Desrochers C.Ss.R. annonce les nominations suivantes:<\/strong><\/p>\n<ul>\n<li><strong>Le p\u00e8re Timothy Moyle<\/strong> est nomm\u00e9 cur\u00e9 de la paroisse Sainte-Anne, Mattawa. Cette nomination entre en vigueur le 1<sup>er<\/sup> mai 2021.<\/li>\n<li><strong>Le p\u00e8re Scott Murray<\/strong> est nomm\u00e9 cur\u00e9 de la paroisse St-Alphonse, Chapeau; de la paroisse St Paul the Hermit, Sheenboro; et de la paroisse St Joseph, St-Joseph. Cette nomination entre en vigueur le 1er mai 2021.<\/li>\n<\/ul>\n<h3><strong>C\u00e9l\u00e9brons l\u2019Ann\u00e9e de saint Joseph<\/strong><\/h3>\n<p>Vous trouverez des ressources pour comm\u00e9morer l&rsquo;ann\u00e9e de saint Joseph sur le site\u00a0<a href=\"https:\/\/pembrokediocese.com\/fr\/category\/year-of-st-joseph-fr\/\">ici.<\/a><\/p>\n<hr \/>\n<h2><strong>DE LA CECC<\/strong><\/h2>\n<h3><strong>Message du Saint-Si\u00e8ge \u00e0 l\u2019occasion de la c\u00e9l\u00e9bration du Ramadan 2021 \u2013 vendredi, avril 16, 2021<\/strong><\/h3>\n<p>Pour souligner le mois du Ramadan et sa conclusion (Id al-Fitr), le Conseil pontifical pour le dialogue interreligieux a publi\u00e9 un message intitul\u00e9<strong>\u00a0Chr\u00e9tiens et musulmans :\u00a0t\u00e9moins de l\u2019esp\u00e9rance<\/strong>. Le message est destin\u00e9 aux musulmans et aux personnes impliqu\u00e9es dans le dialogue interreligieux. La c\u00e9l\u00e9bration du Ramadan a commenc\u00e9 cette ann\u00e9e au Canada le 12 avril et se poursuivra pour 30 jours se terminant avec la c\u00e9l\u00e9bration du\u00a0Id al-Fitr\u00a0le 12 mai 2021.<\/p>\n<p><strong><a href=\"https:\/\/www.cccb.ca\/wp-content\/uploads\/2021\/04\/Ramadan-2021-Francais.pdf\">Message du Conseil pontifical pour le dialogue interreligieux<\/a><\/strong><\/p>\n<h3><strong>Semaine nationale pour la vie et la famille<\/strong><\/h3>\n<p>\u00c0 la suite des recommandations de l\u2019ancien Comit\u00e9\u00a0ad hoc\u00a0sur la vie et la famille de la Conf\u00e9rence des \u00e9v\u00eaques catholiques du Canada (CECC), les \u00e9v\u00eaques du Canada, \u00e0 leur Assembl\u00e9e pl\u00e9ni\u00e8re d\u2019octobre 2011, ont adopt\u00e9 un plan visant \u00e0 mettre en \u0153uvre une initiative pastorale nationale pour la vie et la famille. <a href=\"https:\/\/www.cccb.ca\/fr\/semaine-nationale-pour-la-vie-et-la-famille\/\">(Lire la suite\u2026)<\/a><\/p>\n<hr \/>\n<h2><strong>COVID-19<\/strong><\/h2>\n<h3><strong>L&rsquo;anxi\u00e9t\u00e9 n&rsquo;est pas un choix \u2013 La fa\u00e7on dont vous vivez votre vie l&rsquo;est <\/strong><\/h3>\n<p><strong>(R\u00e9flexions psychologiques et spirituelles sur la fa\u00e7on de faire face \u00e0 la pand\u00e9mie et \u00e0 d&rsquo;autres facteurs de stress importants) de Dr Len Gignac<\/strong><\/p>\n<p>L&rsquo;id\u00e9e que l&rsquo;anxi\u00e9t\u00e9 et m\u00eame la peur ne sont pas un choix peut \u00eatre, au d\u00e9but, surprenante. La peur de contracter la COVID-19 a certainement d\u00e9clench\u00e9 une grande partie de ce malaise, et les gens ont d\u00fb faire des choix difficiles sur la fa\u00e7on de g\u00e9rer tout cela. Qu&rsquo;on le veuille ou non, la v\u00e9rit\u00e9 est que la douleur et la souffrance font partie de la vie. La souffrance mentale, comme la peur ou l&rsquo;anxi\u00e9t\u00e9, est \u00e9galement ressentie \u00e0 des degr\u00e9s divers et \u00e0 des moments diff\u00e9rents. Il est important de faire la distinction entre la peur\/anxi\u00e9t\u00e9 normale et celle qui menace notre seuil de tol\u00e9rance et commence \u00e0 diriger notre vie. <a href=\"https:\/\/pembrokediocese.com\/fr\/article\/lanxiete-nest-pas-un-choix-la-facon-dont-vous-vivez-votre-vie-lest\/\">(Lire la suite\u2026)<\/a><\/p>\n<hr \/>\n<h2><strong>\u00c9V\u00c9NEMENTS PAROISSIAUX<\/strong><\/h2>\n<h3><strong>Sainte Messe \u2013 forme extraordinaire<\/strong><\/h3>\n<p>La Sainte Messe sous forme extraordinaire est offerte \u00e0 la Cath\u00e9drale St Columbkille le premier samedi de chaque mois \u00e0 9 h. Ces Messes sont sous la forme de la Liturgie telle qu&rsquo;elle \u00e9tait c\u00e9l\u00e9br\u00e9e au moment du Concile Vatican II &#8211; la m\u00eame forme qui a nourri la foi de beaucoup de nos anc\u00eatres. Des traductions en anglais de l&rsquo;ensemble de la messe sont fournies. <strong>Prochaine messe: <em>Annul\u00e9 jusqu&rsquo;\u00e0 nouvel ordre.<\/em> <\/strong><\/p>\n<hr \/>\n<h2><strong>PRO-VIE<\/strong><\/h2>\n<h3><strong>Message de la CECC sur l\u2019euthanasie et le suicide assist\u00e9<\/strong><\/h3>\n<p>Veuillez trouver ci-joint un message aux fid\u00e8les sur l\u2019euthanasie et le suicide assist\u00e9 publi\u00e9 par le Conseil permanent conform\u00e9ment \u00e0 la recommandation du Bureau de direction. Ce message fait suite \u00e0 l&rsquo;adoption du projet de loi C-7 le 17 mars 2021, qui \u00e9largit les crit\u00e8res d&rsquo;\u00e9ligibilit\u00e9 de la l\u00e9gislation canadienne sur l\u2019\u00ab AAM \u00bb. <a href=\"https:\/\/www.cccb.ca\/fr\/foi-et-questions-morales\/souffrance-et-fin-de-vie\/\">https:\/\/www.cccb.ca\/fr\/foi-et-questions-morales\/souffrance-et-fin-de-vie\/<\/a><\/p>\n<hr \/>\n<h2><strong>OPPORTUNIT\u00c9 D&rsquo;EMPLOI<\/strong><\/h2>\n<h3><strong>Coordonnateur des b\u00e2timents et de la construction \u2013 L\u2019Archidioc\u00e8se d\u2019Ottawa-Cornwall<\/strong><\/h3>\n<p>L&rsquo;Archidioc\u00e8se d&rsquo;Ottawa-Cornwall est \u00e0 la recherche d\u2019un coordonnateur des b\u00e2timents et de la construction pour travailler sous la supervision du g\u00e9rant de la Planification, des propri\u00e9t\u00e9s et des logements au sein du d\u00e9partement des Propri\u00e9t\u00e9s. Envoyez une lettre de pr\u00e9sentation et CV \u00e0: <a href=\"mailto:yjeanjoseph@archottawa.ca\">yjeanjoseph@archottawa.ca<\/a>. <strong>Date limite pour postuler est le 30 avril 2021<\/strong>. <a href=\"https:\/\/fr.archoc.ca\/opportunites-demploi\">https:\/\/fr.archoc.ca\/opportunites-demploi<\/a>.<\/p>\n","protected":false},"excerpt":{"rendered":"<p>Ce n\u2019est pas Mo\u00efse, c\u2019est mon P\u00e8re qui vous donne le vrai pain venu du ciel. (Jean 6, 30-35) MESSAGE DE L\u2019\u00c9V\u00caQUE Trouver la paix au milieu des nouvelles restrictions et du confinement de la COVID \u00a0Chers fr\u00e8res et s\u0153urs dans le Christ, Depuis le d\u00e9but de la pand\u00e9mie, nous en sommes \u00e0 subir un troisi\u00e8me \u00ab\u00a0Ordre de rester \u00e0 la maison\u00a0\u00bb sous les recommandations des autorit\u00e9s sanitaires et selon les directives explicites du gouvernement de l\u2019Ontario. Lorsque j\u2019ai appris vendredi dernier que nous devions demeurer confin\u00e9s jusqu\u2019au 20 mai prochain avec encore plus de restrictions, j\u2019ai laiss\u00e9 entrer en moi un petit vent de d\u00e9couragement\u00a0: \u00ab\u00a0Pas encore,\u00a0\u00bb me dis-je! Et je pensais \u00e0 ma vieille m\u00e8re de 93 ans qui n\u2019a pas eu de visite depuis un mois d\u00e9j\u00e0 et qui devra attendre encore un autre mois avant de me revoir, et ce, \u00e0 l\u2019exemple de tant d\u2019autres personnes \u00e2g\u00e9es, vuln\u00e9rables et esseul\u00e9es \u00e0 plusieurs occasions depuis le d\u00e9but de la pand\u00e9mie. Je pensais aussi aux nombreux commer\u00e7ants et travailleurs qui voient fondre leurs revenus \u00e0 chaque confinement et qui peinent \u00e0 faire vivre leurs familles; je pensais aux nombreuses d\u00e9pressions et d\u00e9couragements qui vont possiblement en conduire certains \u00e0 s\u2019enlever la vie; je pensais \u00e0 toutes mes activit\u00e9s et rencontres qui devront se poursuivre encore par Zoom au lieu de se faire en mode pr\u00e9sentiel; j\u2019entrevoyais avec pessimisme les nouvelles restrictions qui s\u2019imposaient encore une fois au nombre de fid\u00e8les pr\u00e9sents lors de nos Eucharisties et services religieux; etc\u2026 Et j\u2019\u00e9tais tent\u00e9 de crier tout haut au gouvernement et aux autorit\u00e9s sanitaires\u00a0: \u00ab\u00a0\u00c7a suffit! Ne voyez-vous pas que nous sommes rendus \u00e0 bout de toutes vos restrictions et confinements? Pourquoi rapportez-vous seulement les morts de la COVID tous les jours dans les m\u00e9dias? Ne comptez-vous pas tous les morts qui d\u00e9c\u00e8dent parce qu\u2019ils ne peuvent \u00eatre op\u00e9r\u00e9 \u00e0 temps? Les autres personnes qui d\u00e9c\u00e8dent pour toutes sortes de raisons autres que la COVID sont-elles devenues des sans-papier, des gens sans importance? Ne voyez-vous pas aussi toutes les personnes \u00e2g\u00e9es et laiss\u00e9es pour compte qui ont perdu le go\u00fbt de vivre et qui mange de moins en moins chaque jour \u00e0 cause de ces isolements forc\u00e9s, et qui les feront mourir pr\u00e9matur\u00e9ment \u00e0 cause de la solitude morbide qui les envahit?\u00a0\u00bb Des fid\u00e8les du dioc\u00e8se m\u2019ont m\u00eame \u00e9crit pour me demander conseil ou pour me demander d\u2019entreprendre avec eux une croisade de protestations au gouvernement pour contester toutes les restrictions et confinements qui nous sont impos\u00e9es, surtout ceux qui concernent nos lieux de culte. Apr\u00e8s plusieurs heures de r\u00e9flexion plus ou moins pessimiste, je priai pour obtenir la paix et pour donner sens \u00e0 tout cela. Le lendemain, je semblais mieux comprendre que cette pand\u00e9mie est permise par Dieu. Notre soci\u00e9t\u00e9 soi-disant moderne, qui ne fait \u00e0 peu pr\u00e8s aucune r\u00e9f\u00e9rence \u00e0 Dieu dans sa morale, dans ses discours et ses fa\u00e7ons d\u2019agir, a ni plus ni moins rejet\u00e9 Dieu comme P\u00e8re et Sauveur. Notre Cr\u00e9ateur a perdu la place qui lui revient de droit dans nos c\u0153urs. Et comme Dieu, de par sa nature toute-puissante et omnipr\u00e9sente, peut [&hellip;]<\/p>\n","protected":false},"author":1,"featured_media":3815,"comment_status":"closed","ping_status":"closed","sticky":false,"template":"","format":"standard","meta":{"_monsterinsights_skip_tracking":false,"_monsterinsights_sitenote_active":false,"_monsterinsights_sitenote_note":"","_monsterinsights_sitenote_category":0,"footnotes":"","_links_to":"","_links_to_target":""},"categories":[114],"tags":[],"class_list":["post-6826","post","type-post","status-publish","format-standard","has-post-thumbnail","hentry","category-bulletin"],"post_mailing_queue_ids":[],"_links":{"self":[{"href":"https:\/\/pembrokediocese.com\/fr\/wp-json\/wp\/v2\/posts\/6826","targetHints":{"allow":["GET"]}}],"collection":[{"href":"https:\/\/pembrokediocese.com\/fr\/wp-json\/wp\/v2\/posts"}],"about":[{"href":"https:\/\/pembrokediocese.com\/fr\/wp-json\/wp\/v2\/types\/post"}],"author":[{"embeddable":true,"href":"https:\/\/pembrokediocese.com\/fr\/wp-json\/wp\/v2\/users\/1"}],"replies":[{"embeddable":true,"href":"https:\/\/pembrokediocese.com\/fr\/wp-json\/wp\/v2\/comments?post=6826"}],"version-history":[{"count":0,"href":"https:\/\/pembrokediocese.com\/fr\/wp-json\/wp\/v2\/posts\/6826\/revisions"}],"wp:featuredmedia":[{"embeddable":true,"href":"https:\/\/pembrokediocese.com\/fr\/wp-json\/wp\/v2\/media\/3815"}],"wp:attachment":[{"href":"https:\/\/pembrokediocese.com\/fr\/wp-json\/wp\/v2\/media?parent=6826"}],"wp:term":[{"taxonomy":"category","embeddable":true,"href":"https:\/\/pembrokediocese.com\/fr\/wp-json\/wp\/v2\/categories?post=6826"},{"taxonomy":"post_tag","embeddable":true,"href":"https:\/\/pembrokediocese.com\/fr\/wp-json\/wp\/v2\/tags?post=6826"}],"curies":[{"name":"wp","href":"https:\/\/api.w.org\/{rel}","templated":true}]}}