{"id":6837,"date":"2021-04-27T09:30:36","date_gmt":"2021-04-27T13:30:36","guid":{"rendered":"https:\/\/pembrokediocese.com\/bulletin\/20-avril-2021-copy\/"},"modified":"2021-04-27T10:37:56","modified_gmt":"2021-04-27T14:37:56","slug":"27-avril-2021","status":"publish","type":"post","link":"https:\/\/pembrokediocese.com\/fr\/bulletin\/27-avril-2021\/","title":{"rendered":"BULLETIN HEBDOMADAIRE  &#8211; le 27 avril 2021  (F\u00e9rie)"},"content":{"rendered":"<blockquote>\n<h3><strong><em>Le P\u00e8re et moi, nous sommes UN.<\/em><\/strong><\/h3>\n<p>(Jean 10, 22-30)<\/p>\n<hr \/>\n<\/blockquote>\n<h2><strong>MESSAGES DE L\u2019\u00c9V\u00caQUE<\/strong><\/h2>\n<h3><strong>F\u00eate de Saint-Joseph Travailleur &#8211; le 1er mai<\/strong><\/h3>\n<p>J&rsquo;aimerais rappeler au clerg\u00e9 et aux fid\u00e8les de notre dioc\u00e8se que samedi prochain, le 1er mai, en la f\u00eate de Saint-Joseph Travailleur, toutes les messes dioc\u00e9saines seront c\u00e9l\u00e9br\u00e9es \u00e0 l&rsquo;intention des S\u0153urs de Saint-Joseph qui c\u00e9l\u00e8brent cette ann\u00e9e 100 ans de pr\u00e9sence religieuse dans notre dioc\u00e8se, depuis leur arriv\u00e9e \u00e0 Pembroke en 1921.<\/p>\n<p>La couverture Internet suivante de la CBC a \u00e9t\u00e9 publi\u00e9e le 24 janvier 2020:<\/p>\n<p><em>Les S\u0153urs de Saint-Joseph exercent leurs activit\u00e9s sur les rives de la rivi\u00e8re des Outaouais depuis 1921, lorsque la congr\u00e9gation a commenc\u00e9 \u00e0 cultiver un terrain en pente de 5,4 hectares dans ce qui \u00e9tait alors la p\u00e9riph\u00e9rie de Pembroke. Ce terrain abritait autrefois 80 religieuses qui formaient, exploitaient une mission catholique et travaillaient comme enseignantes, infirmi\u00e8res et soignantes pour les personnes \u00e2g\u00e9es dans plusieurs communaut\u00e9s de la vall\u00e9e de l&rsquo;Outaouais. Elles accueillaient \u00e9galement des personnes \u00e2g\u00e9es qui ne pouvaient pas payer le co\u00fbt des maisons conventionnelles ou trouver un logement ailleurs \u00e0 Pembroke. En 1953, les S\u0153urs de Saint-Joseph ont ouvert un nouveau couvent sur le site original (juste \u00e0 l&rsquo;ouest du centre-ville de Pembroke).<\/em><\/p>\n<p>R\u00e9jouissons-nous de leur pr\u00e9sence fid\u00e8le et de toutes les \u0153uvres qu&rsquo;elles ont accomplies dans notre dioc\u00e8se au cours de ces nombreuses ann\u00e9es de service d\u00e9vou\u00e9 au peuple de Dieu.<\/p>\n<p>+ Guy Desrochers, C.Ss.R.<\/p>\n<p>\u00c9v\u00eaque de Pembroke<\/p>\n<p>&nbsp;<\/p>\n<h3><strong>Celui qui demeure en moi et en qui je demeure, celui-l\u00e0\u00a0porte beaucoup de fruit<\/strong><\/h3>\n<p><strong>\u00a0Chers fr\u00e8res et s\u0153urs dans le Christ,<\/strong><\/p>\n<p style=\"text-align: justify;\"><span lang=\"FR-CA\" style=\"font-family: 'Cambria',serif;\">L\u2019\u00c9vangile de saint Jean du dimanche prochain nous invite \u00e0 porter \u00ab\u00a0beaucoup\u00a0\u00bb de fruits. Mais \u00e0 quels fruits le Seigneur J\u00e9sus fait-il r\u00e9f\u00e9rence au juste? Pour bien r\u00e9pondre \u00e0 cette question, il nous faut d\u2019abord dire que notre exemple est bien plus important que nos paroles. Le fameux pr\u00eatre fran\u00e7ais connu sous le vocable\u00a0de \u00ab\u00a0l\u2019Abb\u00e9 Pierre\u00a0\u00bb disait cette parole proph\u00e9tique\u00a0: <span style=\"color: #333333; background: white;\">\u00ab <em><span style=\"font-family: 'Cambria',serif;\">Lorsque nous arriverons \u00e0 la fin de notre vie, on ne nous demandera pas si nous avons \u00e9t\u00e9 croyants, mais si nous avons \u00e9t\u00e9 cr\u00e9dibles. <\/span><\/em>\u00bb <\/span><\/span><\/p>\n<p style=\"text-align: justify;\"><span lang=\"FR-CA\" style=\"font-family: 'Cambria',serif; color: #333333; background: white;\">En d\u2019autres mots, avons-nous v\u00e9cu notre engagement chr\u00e9tien de fa\u00e7on coh\u00e9rente? Avons-nous \u00e9t\u00e9 patients, mis\u00e9ricordieux, charitables et justes envers nos proches? Avons-nous prioris\u00e9 la pri\u00e8re d\u2019intimit\u00e9 avec Dieu \u00e0 nos activit\u00e9s et \u00e0 nos occupations quotidiennes, chacun selon son \u00e9tat de vie? Enfin, tout au long de notre existence chr\u00e9tienne ou depuis notre conversion, \u00e9tions-nous g\u00e9n\u00e9ralement habit\u00e9s par le d\u00e9sir de nous conformer \u00e0 la volont\u00e9 de Dieu en tout, ou avons-nous pr\u00e9f\u00e9r\u00e9 faire notre propre volont\u00e9 la plupart du temps? Les deux derni\u00e8res phrases qui pr\u00e9c\u00e8dent ces lignes nous indique que pour porter beaucoup de fruits, il nous faut absolument inviter J\u00e9sus \u00e0 vivre au-dedans de nous et \u00e0 entretenir une relation \u00e9troite avec Lui, car \u00ab\u00a0en dehors de moi, vous ne pouvez rien faire\u00a0\u00bb nous dit J\u00e9sus dans l\u2019\u00e9vangile que nous entendrons dimanche prochain. (Jn 15, 5) <\/span><\/p>\n<p style=\"text-align: justify;\"><span lang=\"FR-CA\" style=\"font-family: 'Cambria',serif; color: #333333; background: white;\">Je termine en citant un hom\u00e9liste que j\u2019admire beaucoup, le P. Yvon-Michel Allard, s.v.d\u00a0:<\/span><\/p>\n<p style=\"text-align: justify;\"><i><span lang=\"FR-CA\" style=\"font-family: 'Cambria',serif; color: #333333; background: white;\">\u00ab\u00a0Notre foi peut se d\u00e9velopper si elle est vivante, si elle joue un r\u00f4le actif dans notre vie de tous les jours, si elle porte du fruit. C\u2019est pourquoi nous venons rencontrer le Seigneur chaque dimanche afin d\u2019\u00e9couter sa parole et reprendre des forces pour la semaine qui commence. Porter du fruit ne veut pas dire faire des choses extraordinaires, \u00e7a veut dire bien faire les choses ordinaires. Rattach\u00e9s au Christ comme les sarments \u00e0 la vigne, \u00e9clair\u00e9s par l\u2019Esprit Saint, nous pouvons alors donner du fruit en abondance. Les fruits de l\u2019Esprit, nous dit Saint Paul sont : \u00ab <em><span style=\"font-family: 'Cambria',serif;\">l\u2019amour, la joie, la paix, la patience, la bont\u00e9, la douceur, la fid\u00e9lit\u00e9, la tendresse, la capacit\u00e9 de contr\u00f4ler nos col\u00e8res. <\/span><\/em>\u00bb<\/span><\/i><\/p>\n<p style=\"text-align: justify;\"><span lang=\"FR-CA\" style=\"font-family: 'Cambria',serif; color: #333333; background: white;\">Voil\u00e0, chers fr\u00e8res et s\u0153urs, comment nous devons comprendre et identifier ces fruits dont nous parle le Seigneur dans l\u2019\u00e9vangile de saint Jean.<\/span><\/p>\n<p style=\"text-align: justify;\"><span lang=\"FR-CA\">Sinc\u00e8rement v\u00f4tres dans le Christ ressuscit\u00e9,<\/span><\/p>\n<p>&nbsp;<\/p>\n<p>+Guy Desrochers, C.Ss.R.<\/p>\n<p>\u00c9v\u00eaque de Pembroke<\/p>\n<hr \/>\n<h2><strong>DU DIOC\u00c8SE<\/strong><\/h2>\n<h3><strong>Ecclesia<\/strong><\/h3>\n<p>Le num\u00e9ro d&rsquo;Ecclesia de mai 2021 sera livr\u00e9 cette semaine pour \u00eatre distribu\u00e9 dans les paroisses. Dans ce num\u00e9ro, il y a un sondage \u00e0 la derni\u00e8re page. Le comit\u00e9 Ecclesia l\u2019appr\u00e9cierait beaucoup si vous le remplissiez et que vous le remettiez dans le panier de qu\u00eate \u00e0 n\u2019importe quelle messe. La date limite de la remise des questionnaires est <strong>le 30 juillet<\/strong>. Le comit\u00e9 Ecclesia vous remercie de votre participation \u00e0 cette initiative.<\/p>\n<h3><strong>Rester \u00e0 la maison<\/strong><\/h3>\n<p>Pendant l\u2019ordre de rester \u00e0 la maison \u00e9mis par le premier ministre Doug Ford, la plupart des membres du personnel de la chancellerie font du t\u00e9l\u00e9travail. Vous pouvez les joindre par courriel. Pour le r\u00e9pertoire, veuillez consulter notre site Web \u00e0 <a href=\"http:\/\/www.pembrokediocese.com\">www.pembrokediocese.com<\/a>.<\/p>\n<h3><strong>Nominations du clerg\u00e9<\/strong><\/h3>\n<p><strong>Monseigneur Guy Desrochers C.Ss.R. annonce les nominations suivantes:<\/strong><\/p>\n<ul>\n<li><strong>Le p\u00e8re Timothy Moyle<\/strong> est nomm\u00e9 cur\u00e9 de la paroisse Sainte-Anne, Mattawa. Cette nomination entre en vigueur le 1<sup>er<\/sup> mai 2021.<\/li>\n<li><strong>Le p\u00e8re Scott Murray<\/strong> est nomm\u00e9 cur\u00e9 de la paroisse St-Alphonse, Chapeau; de la paroisse St Paul the Hermit, Sheenboro; et de la paroisse St Joseph, St-Joseph. Cette nomination entre en vigueur le 1er mai 2021.<\/li>\n<\/ul>\n<h3><strong>C\u00e9l\u00e9brons l\u2019Ann\u00e9e de saint Joseph<\/strong><\/h3>\n<p>Vous trouverez des ressources pour comm\u00e9morer l&rsquo;ann\u00e9e de saint Joseph sur le site\u00a0<a href=\"https:\/\/pembrokediocese.com\/fr\/category\/year-of-st-joseph-fr\/\">ici.<\/a><\/p>\n<hr \/>\n<h2><strong>DE LA CECC<\/strong><\/h2>\n<h3><strong>D\u00e9claration pour soutenir la mise en \u0153uvre de la DNUDPA dans le droit canadien \u2013 <\/strong><strong>\u00a0<\/strong><strong>lundi, avril 26, 2021<\/strong><\/h3>\n<p>Les membres du Bureau de direction de la Conf\u00e9rence des \u00e9v\u00eaques catholiques du Canada (CECC) ont publi\u00e9 une d\u00e9claration pour soutenir la mise en \u0153uvre de la Loi sur la D\u00e9claration des Nations Unies sur les droits des peuples autochtones (DNUDPA) dans le droit canadien.<\/p>\n<p><strong><a href=\"https:\/\/www.cccb.ca\/wp-content\/uploads\/2021\/04\/UNDRIP-DNUDPA-26-avril-2021-FR.pdf\">D\u00e9claration pour soutenir la mise en \u0153uvre de la DNUDPA dans le droit canadien<\/a><\/strong><\/p>\n<h3><strong>Message du Saint-Si\u00e8ge \u00e0 l\u2019occasion de la c\u00e9l\u00e9bration du Ramadan 2021<\/strong><\/h3>\n<p>Pour souligner le mois du Ramadan et sa conclusion (Id al-Fitr), le Conseil pontifical pour le dialogue interreligieux a publi\u00e9 un message intitul\u00e9<strong>\u00a0Chr\u00e9tiens et musulmans :\u00a0t\u00e9moins de l\u2019esp\u00e9rance<\/strong>. Le message est destin\u00e9 aux musulmans et aux personnes impliqu\u00e9es dans le dialogue interreligieux. La c\u00e9l\u00e9bration du Ramadan a commenc\u00e9 cette ann\u00e9e au Canada le 12 avril et se poursuivra pour 30 jours se terminant avec la c\u00e9l\u00e9bration du\u00a0Id al-Fitr\u00a0le 12 mai 2021.<\/p>\n<p><strong><a href=\"https:\/\/www.cccb.ca\/wp-content\/uploads\/2021\/04\/Ramadan-2021-Francais.pdf\">Message du Conseil pontifical pour le dialogue interreligieux<\/a><\/strong><\/p>\n<h3><strong>Semaine nationale pour la vie et la famille<\/strong><\/h3>\n<p>\u00c0 la suite des recommandations de l\u2019ancien Comit\u00e9\u00a0ad hoc\u00a0sur la vie et la famille de la Conf\u00e9rence des \u00e9v\u00eaques catholiques du Canada (CECC), les \u00e9v\u00eaques du Canada, \u00e0 leur Assembl\u00e9e pl\u00e9ni\u00e8re d\u2019octobre 2011, ont adopt\u00e9 un plan visant \u00e0 mettre en \u0153uvre une initiative pastorale nationale pour la vie et la famille. <a href=\"https:\/\/www.cccb.ca\/fr\/semaine-nationale-pour-la-vie-et-la-famille\/\">(Lire la suite\u2026)<\/a><\/p>\n<hr \/>\n<h2><strong>COVID-19<\/strong><\/h2>\n<h3><strong>L&rsquo;anxi\u00e9t\u00e9 n&rsquo;est pas un choix \u2013 La fa\u00e7on dont vous vivez votre vie l&rsquo;est <\/strong><\/h3>\n<p><strong>(R\u00e9flexions psychologiques et spirituelles sur la fa\u00e7on de faire face \u00e0 la pand\u00e9mie et \u00e0 d&rsquo;autres facteurs de stress importants) de Dr Len Gignac<\/strong><\/p>\n<p>L&rsquo;id\u00e9e que l&rsquo;anxi\u00e9t\u00e9 et m\u00eame la peur ne sont pas un choix peut \u00eatre, au d\u00e9but, surprenante. La peur de contracter la COVID-19 a certainement d\u00e9clench\u00e9 une grande partie de ce malaise, et les gens ont d\u00fb faire des choix difficiles sur la fa\u00e7on de g\u00e9rer tout cela. Qu&rsquo;on le veuille ou non, la v\u00e9rit\u00e9 est que la douleur et la souffrance font partie de la vie. La souffrance mentale, comme la peur ou l&rsquo;anxi\u00e9t\u00e9, est \u00e9galement ressentie \u00e0 des degr\u00e9s divers et \u00e0 des moments diff\u00e9rents. Il est important de faire la distinction entre la peur\/anxi\u00e9t\u00e9 normale et celle qui menace notre seuil de tol\u00e9rance et commence \u00e0 diriger notre vie. <a href=\"https:\/\/pembrokediocese.com\/fr\/article\/lanxiete-nest-pas-un-choix-la-facon-dont-vous-vivez-votre-vie-lest\/\">(Lire la suite\u2026)<\/a><\/p>\n<hr \/>\n<h2><strong>\u00c9V\u00c9NEMENTS PAROISSIAUX<\/strong><\/h2>\n<h3><strong>Sainte Messe \u2013 forme extraordinaire<\/strong><\/h3>\n<p>La Sainte Messe sous forme extraordinaire est offerte \u00e0 la Cath\u00e9drale St Columbkille le premier samedi de chaque mois \u00e0 9 h. Ces Messes sont sous la forme de la Liturgie telle qu&rsquo;elle \u00e9tait c\u00e9l\u00e9br\u00e9e au moment du Concile Vatican II &#8211; la m\u00eame forme qui a nourri la foi de beaucoup de nos anc\u00eatres. Des traductions en anglais de l&rsquo;ensemble de la messe sont fournies. <strong>Prochaine messe: <em>Annul\u00e9 jusqu&rsquo;\u00e0 nouvel ordre.<\/em> <\/strong><\/p>\n<hr \/>\n<h2><strong>PRO-VIE<\/strong><\/h2>\n<h3><strong>Message de la CECC sur l\u2019euthanasie et le suicide assist\u00e9<\/strong><\/h3>\n<p>Veuillez trouver ci-joint un message aux fid\u00e8les sur l\u2019euthanasie et le suicide assist\u00e9 publi\u00e9 par le Conseil permanent conform\u00e9ment \u00e0 la recommandation du Bureau de direction. Ce message fait suite \u00e0 l&rsquo;adoption du projet de loi C-7 le 17 mars 2021, qui \u00e9largit les crit\u00e8res d&rsquo;\u00e9ligibilit\u00e9 de la l\u00e9gislation canadienne sur l\u2019\u00ab AAM \u00bb. <a href=\"https:\/\/www.cccb.ca\/fr\/foi-et-questions-morales\/souffrance-et-fin-de-vie\/\">https:\/\/www.cccb.ca\/fr\/foi-et-questions-morales\/souffrance-et-fin-de-vie\/<\/a><\/p>\n<hr \/>\n<h2><strong>OPPORTUNIT\u00c9 D&rsquo;EMPLOI<\/strong><\/h2>\n<h3><strong>Coordonnateur des b\u00e2timents et de la construction \u2013 L\u2019Archidioc\u00e8se d\u2019Ottawa-Cornwall<\/strong><\/h3>\n<p>L&rsquo;Archidioc\u00e8se d&rsquo;Ottawa-Cornwall est \u00e0 la recherche d\u2019un coordonnateur des b\u00e2timents et de la construction pour travailler sous la supervision du g\u00e9rant de la Planification, des propri\u00e9t\u00e9s et des logements au sein du d\u00e9partement des Propri\u00e9t\u00e9s. Envoyez une lettre de pr\u00e9sentation et CV \u00e0: <a href=\"mailto:yjeanjoseph@archottawa.ca\">yjeanjoseph@archottawa.ca<\/a>. <strong>Date limite pour postuler est le 30 avril 2021<\/strong>. <a href=\"https:\/\/fr.archoc.ca\/opportunites-demploi\">https:\/\/fr.archoc.ca\/opportunites-demploi<\/a>.<\/p>\n","protected":false},"excerpt":{"rendered":"<p>Le P\u00e8re et moi, nous sommes UN. (Jean 10, 22-30) MESSAGES DE L\u2019\u00c9V\u00caQUE F\u00eate de Saint-Joseph Travailleur &#8211; le 1er mai J&rsquo;aimerais rappeler au clerg\u00e9 et aux fid\u00e8les de notre dioc\u00e8se que samedi prochain, le 1er mai, en la f\u00eate de Saint-Joseph Travailleur, toutes les messes dioc\u00e9saines seront c\u00e9l\u00e9br\u00e9es \u00e0 l&rsquo;intention des S\u0153urs de Saint-Joseph qui c\u00e9l\u00e8brent cette ann\u00e9e 100 ans de pr\u00e9sence religieuse dans notre dioc\u00e8se, depuis leur arriv\u00e9e \u00e0 Pembroke en 1921. La couverture Internet suivante de la CBC a \u00e9t\u00e9 publi\u00e9e le 24 janvier 2020: Les S\u0153urs de Saint-Joseph exercent leurs activit\u00e9s sur les rives de la rivi\u00e8re des Outaouais depuis 1921, lorsque la congr\u00e9gation a commenc\u00e9 \u00e0 cultiver un terrain en pente de 5,4 hectares dans ce qui \u00e9tait alors la p\u00e9riph\u00e9rie de Pembroke. Ce terrain abritait autrefois 80 religieuses qui formaient, exploitaient une mission catholique et travaillaient comme enseignantes, infirmi\u00e8res et soignantes pour les personnes \u00e2g\u00e9es dans plusieurs communaut\u00e9s de la vall\u00e9e de l&rsquo;Outaouais. Elles accueillaient \u00e9galement des personnes \u00e2g\u00e9es qui ne pouvaient pas payer le co\u00fbt des maisons conventionnelles ou trouver un logement ailleurs \u00e0 Pembroke. En 1953, les S\u0153urs de Saint-Joseph ont ouvert un nouveau couvent sur le site original (juste \u00e0 l&rsquo;ouest du centre-ville de Pembroke). R\u00e9jouissons-nous de leur pr\u00e9sence fid\u00e8le et de toutes les \u0153uvres qu&rsquo;elles ont accomplies dans notre dioc\u00e8se au cours de ces nombreuses ann\u00e9es de service d\u00e9vou\u00e9 au peuple de Dieu. + Guy Desrochers, C.Ss.R. \u00c9v\u00eaque de Pembroke &nbsp; Celui qui demeure en moi et en qui je demeure, celui-l\u00e0\u00a0porte beaucoup de fruit \u00a0Chers fr\u00e8res et s\u0153urs dans le Christ, L\u2019\u00c9vangile de saint Jean du dimanche prochain nous invite \u00e0 porter \u00ab\u00a0beaucoup\u00a0\u00bb de fruits. Mais \u00e0 quels fruits le Seigneur J\u00e9sus fait-il r\u00e9f\u00e9rence au juste? Pour bien r\u00e9pondre \u00e0 cette question, il nous faut d\u2019abord dire que notre exemple est bien plus important que nos paroles. Le fameux pr\u00eatre fran\u00e7ais connu sous le vocable\u00a0de \u00ab\u00a0l\u2019Abb\u00e9 Pierre\u00a0\u00bb disait cette parole proph\u00e9tique\u00a0: \u00ab Lorsque nous arriverons \u00e0 la fin de notre vie, on ne nous demandera pas si nous avons \u00e9t\u00e9 croyants, mais si nous avons \u00e9t\u00e9 cr\u00e9dibles. \u00bb En d\u2019autres mots, avons-nous v\u00e9cu notre engagement chr\u00e9tien de fa\u00e7on coh\u00e9rente? Avons-nous \u00e9t\u00e9 patients, mis\u00e9ricordieux, charitables et justes envers nos proches? Avons-nous prioris\u00e9 la pri\u00e8re d\u2019intimit\u00e9 avec Dieu \u00e0 nos activit\u00e9s et \u00e0 nos occupations quotidiennes, chacun selon son \u00e9tat de vie? Enfin, tout au long de notre existence chr\u00e9tienne ou depuis notre conversion, \u00e9tions-nous g\u00e9n\u00e9ralement habit\u00e9s par le d\u00e9sir de nous conformer \u00e0 la volont\u00e9 de Dieu en tout, ou avons-nous pr\u00e9f\u00e9r\u00e9 faire notre propre volont\u00e9 la plupart du temps? Les deux derni\u00e8res phrases qui pr\u00e9c\u00e8dent ces lignes nous indique que pour porter beaucoup de fruits, il nous faut absolument inviter J\u00e9sus \u00e0 vivre au-dedans de nous et \u00e0 entretenir une relation \u00e9troite avec Lui, car \u00ab\u00a0en dehors de moi, vous ne pouvez rien faire\u00a0\u00bb nous dit J\u00e9sus dans l\u2019\u00e9vangile que nous entendrons dimanche prochain. (Jn 15, 5) Je termine en citant un hom\u00e9liste que j\u2019admire beaucoup, le P. Yvon-Michel Allard, s.v.d\u00a0: \u00ab\u00a0Notre foi peut se d\u00e9velopper si elle est vivante, si elle joue un r\u00f4le actif dans notre vie [&hellip;]<\/p>\n","protected":false},"author":1,"featured_media":3815,"comment_status":"closed","ping_status":"closed","sticky":false,"template":"","format":"standard","meta":{"_monsterinsights_skip_tracking":false,"_monsterinsights_sitenote_active":false,"_monsterinsights_sitenote_note":"","_monsterinsights_sitenote_category":0,"footnotes":"","_links_to":"","_links_to_target":""},"categories":[114],"tags":[],"class_list":["post-6837","post","type-post","status-publish","format-standard","has-post-thumbnail","hentry","category-bulletin"],"post_mailing_queue_ids":[],"_links":{"self":[{"href":"https:\/\/pembrokediocese.com\/fr\/wp-json\/wp\/v2\/posts\/6837","targetHints":{"allow":["GET"]}}],"collection":[{"href":"https:\/\/pembrokediocese.com\/fr\/wp-json\/wp\/v2\/posts"}],"about":[{"href":"https:\/\/pembrokediocese.com\/fr\/wp-json\/wp\/v2\/types\/post"}],"author":[{"embeddable":true,"href":"https:\/\/pembrokediocese.com\/fr\/wp-json\/wp\/v2\/users\/1"}],"replies":[{"embeddable":true,"href":"https:\/\/pembrokediocese.com\/fr\/wp-json\/wp\/v2\/comments?post=6837"}],"version-history":[{"count":0,"href":"https:\/\/pembrokediocese.com\/fr\/wp-json\/wp\/v2\/posts\/6837\/revisions"}],"wp:featuredmedia":[{"embeddable":true,"href":"https:\/\/pembrokediocese.com\/fr\/wp-json\/wp\/v2\/media\/3815"}],"wp:attachment":[{"href":"https:\/\/pembrokediocese.com\/fr\/wp-json\/wp\/v2\/media?parent=6837"}],"wp:term":[{"taxonomy":"category","embeddable":true,"href":"https:\/\/pembrokediocese.com\/fr\/wp-json\/wp\/v2\/categories?post=6837"},{"taxonomy":"post_tag","embeddable":true,"href":"https:\/\/pembrokediocese.com\/fr\/wp-json\/wp\/v2\/tags?post=6837"}],"curies":[{"name":"wp","href":"https:\/\/api.w.org\/{rel}","templated":true}]}}