{"id":6912,"date":"2021-05-04T11:32:05","date_gmt":"2021-05-04T15:32:05","guid":{"rendered":"https:\/\/pembrokediocese.com\/bulletin\/27-avril-2021-copy\/"},"modified":"2021-05-04T11:42:13","modified_gmt":"2021-05-04T15:42:13","slug":"4-mai-2021","status":"publish","type":"post","link":"https:\/\/pembrokediocese.com\/fr\/bulletin\/4-mai-2021\/","title":{"rendered":"BULLETIN HEBDOMADAIRE  &#8211; le 4 mai 2021  (F\u00e9rie)"},"content":{"rendered":"<blockquote>\n<h3><strong><em>Je vous donne ma paix.<\/em><\/strong><\/h3>\n<p>(Jean 14, 27-31a)<\/p>\n<hr \/>\n<\/blockquote>\n<h2><strong>MESSAGE DE L\u2019\u00c9V\u00caQUE<\/strong><\/h2>\n<h3><strong>Trente jours de pri\u00e8res \u00e0 Marie\u2026 avec notre Saint P\u00e8re!<\/strong><\/h3>\n<p><strong>\u00a0Chers fr\u00e8res et s\u0153urs dans le Christ,<\/strong><\/p>\n<p>Notre pape Fran\u00e7ois nous surprend encore une fois cette ann\u00e9e en nous proposant une nouvelle initiative qui saura exciter, esp\u00e9rons-le, notre d\u00e9votion mariale. Apr\u00e8s avoir d\u00e9cr\u00e9t\u00e9 que l\u2019ann\u00e9e 2021 serait consacr\u00e9e \u00e0 saint Joseph, le Saint P\u00e8re a cru bon nous inviter \u00e0 prier Marie chaque jour, d\u2019une fa\u00e7on toute-particuli\u00e8re, durant le mois de mai afin d\u2019implorer la fin de la pand\u00e9mie qui nous affecte tous \u00e0 divers degr\u00e9s.<\/p>\n<p>De par le pass\u00e9, combien de gr\u00e2ces extraordinaires ont \u00e9t\u00e9 accord\u00e9es \u00e0 l\u2019humanit\u00e9 par l\u2019intercession puissante de la Vierge Marie! Pensons \u00e0 la victoire \u00e9clatante que la flotte chr\u00e9tienne, sous le commandement de don Juan d\u2019Autriche, remporta en \u00e9crasant la puissante marine turque d\u2019Ali Pacha le 7 octobre 1571. Ce miracle fut accord\u00e9 par la Vierge Marie \u00e0 la demande du Pape qui l\u2019implorait pour sauver la chr\u00e9tient\u00e9 de l\u2019expansionnisme ottoman qui avait entrepris de vaincre l\u2019Europe toute enti\u00e8re. Lorsque la chr\u00e9tient\u00e9 a entrepris de r\u00e9citer le rosaire avec le Saint P\u00e8re pour que cesse cette expansion, peu de temps apr\u00e8s, ce dernier eu en vision l\u2019issue heureuse du combat de L\u00e9pante. Et \u00e0 l\u2019instant m\u00eame, don Juan s\u2019agenouillait sur le pont pour remercier Dieu de sa protection. Pour comm\u00e9morer cette victoire, on institua la f\u00eate de Notre-Dame de la Victoire qui fut commu\u00e9e plus tard en <strong>F\u00eate du Saint-Rosaire<\/strong> par le pape Gr\u00e9goire XIII.<\/p>\n<p>Le pape Fran\u00e7ois nous invite \u00e0 lutter avec lui, par le moyen de la pri\u00e8re du rosaire et durant tout le mois de mai, contre cette pand\u00e9mie qui semble vouloir s\u2019\u00e9terniser et poursuivre ses ravages \u00e0 tous les niveaux\u00a0: social, \u00e9conomique, psychologique, physique et spirituel. Il serait bon de nous rappeler que nous ne prions pas seulement pour vaincre la COVID et ses effets d\u00e9vastateurs, mais que nous le faisons aussi pour signifier \u00e0 Dieu notre d\u00e9sir de lui redonner une place importante dans nos c\u0153urs. Les avancements technologiques et scientifiques des derniers temps ont certes contribu\u00e9 \u00e0 l\u2019enrichissement intellectuel et mat\u00e9riel de plusieurs, mais malheureusement, cela s\u2019est fait souvent au d\u00e9triment de notre \u00eatre spirituel et au d\u00e9triment des moins bien nantis. Ces avancements ont entra\u00een\u00e9 des cons\u00e9quences n\u00e9fastes sur toute la plan\u00e8te qui devient malheureusement de plus en plus indiff\u00e9rente et sans compassion devant la mis\u00e8re d\u2019autrui.<\/p>\n<p>Allons un peu plus loin\u00a0: nos temps modernes nous ont amen\u00e9 \u00e0 exalter toutes formes d\u2019individualisme, de sensualisme, d\u2019esprit de consommation et de possession et de foi en la toute-puissance de l\u2019homme, et tout cela au d\u00e9triment de la relation d\u2019amour que Dieu voudrait tant partager avec chacun de nous. Nous en sommes venus \u00e0 ignorer, voire m\u00eame repousser par nos attitudes d\u2019indiff\u00e9rence et de pr\u00e9tendue ind\u00e9pendance, le grand cadeau de vie et de bonheur \u00e9ternel que Dieu a bien voulu accorder \u00e0 ceux qui l\u2019aimeront fid\u00e8lement jusqu\u2019\u00e0 la fin. Une sorte d\u2019aveuglement pan-plan\u00e9taire est en train d\u2019envahir les esprits de nombreux hommes et femmes qui s\u2019inqui\u00e8tent plus de mourir physiquement et d\u2019\u00eatre enterr\u00e9s dans un trou noir, que de mourir et d\u2019aboutir corps et esprit, dans les t\u00e9n\u00e8bres \u00e9ternelles! Quelle triste d\u00e9solation! Notre monde devrait m\u00e9diter plus souvent la parole de J\u00e9sus\u00a0:<\/p>\n<p><strong><em>Car celui qui veut sauver sa vie la perdra\u00a0; mais celui qui perdra sa vie \u00e0 cause de moi et de l\u2019\u00c9vangile la sauvera. Quel avantage, en effet, un homme a-t-il \u00e0 gagner le monde entier si c\u2019est au prix de sa vie\u00a0? Que pourrait-il donner en \u00e9change de sa vie\u00a0? <\/em><\/strong>(Mc 8, 35)<\/p>\n<p>Joignons-nous sans h\u00e9siter \u00e0 la pri\u00e8re du Saint P\u00e8re qui nous convie \u00e0 prier tous les jours du mois de mai pour implorer la fin de cette pand\u00e9mie\u2026 et pour le commencement d\u2019une relation affective, pers\u00e9v\u00e9rante et renouvel\u00e9e avec notre Dieu d\u2019amour dont \u00ab\u00a0<em>la mis\u00e9ricorde s\u2019\u00e9tend d\u2019\u00e2ge en \u00e2ge sur ceux qui le craignent<\/em>.\u00a0\u00bb (Lc 1, 50)<\/p>\n<p>Chaque jour du mois de mai, joignons-nous \u00e0 ce v\u00e9ritable \u00ab marathon de pri\u00e8res \u00bb, o\u00f9 trente sanctuaires situ\u00e9s aux quatre coins du monde seront reli\u00e9s \u00e0 la pri\u00e8re du Pape et dirigeront la pri\u00e8re mariale chaque jour. Le sanctuaire Notre-Dame du Cap en fait partie! Le Pape Fran\u00e7ois ouvrira et cl\u00f4turera ce mois de pri\u00e8re \u00e0 Rome pour implorer la fin de la pand\u00e9mie. Et pour promouvoir cette d\u00e9votion mariale, il a m\u00eame b\u00e9ni quantit\u00e9 de chapelets qui ont \u00e9t\u00e9 envoy\u00e9s \u00e0 chacun de ces sanctuaires. Durant ce mois de Marie, \u00e0 la demande formul\u00e9e par le conseil pontifical pour la Promotion de la Nouvelle \u00c9vang\u00e9lisation, faisons monter sans cesse nos pri\u00e8res vers Dieu. (Ac 12, 5) \u00c0 travers les m\u00e9dias virtuels, les r\u00e9seaux sociaux ou autres, suivons fid\u00e8lement cette belle pri\u00e8re du rosaire chaque jour, et que notre saint P\u00e8re veut bien entreprendre avec tous les catholiques et chr\u00e9tiens du monde entier qui voudront bien se joindre \u00e0 nous pour invoquer la fin de la pr\u00e9sente pand\u00e9mie.<\/p>\n<p>Lien vers le flux en direct de Shalom World vers les sanctuaires du monde entier qui r\u00e9citent le chapelet quotidien dans le cadre du Marathon du Rosaire de mai. Vous pouvez \u00e9galement regarder les enregistrements des 3 derniers jours \u00e0 partir du lien suivant : <a href=\"https:\/\/www.youtube.com\/channel\/UCErQl0ZF36rb667dMJCjC3A\/search?query=rosary+marathon\">https:\/\/www.youtube.com\/channel\/UCErQl0ZF36rb667dMJCjC3A\/search?query=rosary+marathon<\/a> Veuillez noter que les enregistrements ont lieu chaque jour \u00e0 18 heures, heure du Vatican. Ainsi, o\u00f9 que vous soyez dans le monde, v\u00e9rifiez quelle est l&rsquo;heure du Vatican \u00e0 18 heures dans votre partie du monde. C&rsquo;est tout ce que vous avez \u00e0 faire &#8211; et ce sera \u00e0 la m\u00eame heure chaque jour pour vous &#8211; quel que soit l&rsquo;endroit du monde o\u00f9 se trouve le sanctuaire ! Pour Toronto (Ontario), c&rsquo;est \u00e0 midi tous les jours dans notre fuseau horaire.<\/p>\n<p>Sinc\u00e8rement v\u00f4tres dans le Christ ressuscit\u00e9,<\/p>\n<p>&nbsp;<\/p>\n<p>+Guy Desrochers, C.Ss.R.<\/p>\n<p>\u00c9v\u00eaque de Pembroke<\/p>\n<hr \/>\n<h2><strong>DU DIOC\u00c8SE<\/strong><\/h2>\n<h3><strong>Ecclesia<\/strong><\/h3>\n<p>Le num\u00e9ro d&rsquo;Eccl\u00e9sia de mai 2021 a \u00e9t\u00e9 livr\u00e9 pour \u00eatre distribu\u00e9 dans les paroisses. Dans ce num\u00e9ro, il y a un sondage \u00e0 la derni\u00e8re page. Le comit\u00e9 Ecclesia l\u2019appr\u00e9cierait beaucoup si vous le remplissiez et que vous le remettiez dans le panier de qu\u00eate \u00e0 n\u2019importe quelle messe. La date limite de la remise des questionnaires est <strong>le 30 juillet<\/strong>. Le comit\u00e9 Ecclesia vous remercie de votre participation \u00e0 cette initiative.\u00a0Veuillez noter que le num\u00e9ro de mai d&rsquo;Ecclesia peut d\u00e9sormais \u00eatre consult\u00e9 sur notre site web\u00a0: <a href=\"https:\/\/pembrokediocese.com\/fr\/ecclesia\/\">Ecclesia \u2013 Dioc\u00e8se de Pembroke (pembrokediocese.com)<\/a>.<\/p>\n<h3><strong>Rester \u00e0 la maison<\/strong><\/h3>\n<p>Pendant l\u2019ordre de rester \u00e0 la maison \u00e9mis par le premier ministre Doug Ford, la plupart des membres du personnel de la chancellerie font du t\u00e9l\u00e9travail. Vous pouvez les joindre par courriel. Pour le r\u00e9pertoire, veuillez consulter notre site Web \u00e0 <a href=\"http:\/\/www.pembrokediocese.com\">www.pembrokediocese.com<\/a>.<\/p>\n<hr \/>\n<h2><strong>DE LA CECC<\/strong><\/h2>\n<h3><strong>Message \u00e0 l\u2019occasion de la F\u00eate de saint Joseph travailleur le 1<sup>er<\/sup> mai 2021 \u2013 vendredi, avril 30, 2021<\/strong><\/h3>\n<p>La Conf\u00e9rence des \u00e9v\u00eaques catholiques du Canada (CECC) a publi\u00e9 un message \u00e0 l\u2019occasion de la F\u00eate de saint Joseph travailleur le 1er mai 2021.<\/p>\n<p><strong><a href=\"https:\/\/www.cccb.ca\/wp-content\/uploads\/2021\/04\/Message-Fete-de-saint-Joseph-travailleur-1-mai-2021.pdf\">Message \u00e0 l\u2019occasion de la F\u00eate de saint Joseph travailleur le 1er mai 2021<\/a><\/strong><\/p>\n<h3><strong>Suggestions d\u2019hom\u00e9lies et de pri\u00e8res des fid\u00e8les pour la vie et la famille pendant le mois de mai 2021 \u2013 mercredi, avril 28, 2021<\/strong><\/h3>\n<p>M\u00eame pendant une p\u00e9riode d\u2019isolement social \u00e0 cause de la pand\u00e9mie de coronavirus, la liturgie dominicale continue de nourrir la pri\u00e8re et la r\u00e9flexion pendant toute la semaine \u2013 que nous m\u00e9ditions sur les lectures ou participions \u00e0 une \u00e9mission t\u00e9l\u00e9vis\u00e9e de la messe et fassions une communion spirituelle.<\/p>\n<p>La Conf\u00e9rence des \u00e9v\u00eaques catholiques du Canada (CECC) poursuit la publication des suggestions de pistes d\u2019hom\u00e9lies et de pri\u00e8res des fid\u00e8les pour faire le lien entre la liturgie du dimanche et l\u2019initiative pastorale pour la vie et la famille. Les textes propos\u00e9s pour le mois de mai 2021 contiennent des suggestions pour la p\u00e9riode allant du 5<sup>e<\/sup>\u00a0dimanche de P\u00e2ques, le 2 mai, jusqu\u2019\u00e0 la Solennit\u00e9 de la Tr\u00e8s Sainte Trinit\u00e9, le 30 mai 2021. Comme \u00e0 l\u2019habitude, les suggestions d\u2019hom\u00e9lies et de pri\u00e8res peuvent facilement \u00eatre adapt\u00e9es pour la pri\u00e8re en famille, de m\u00eame que pour la pri\u00e8re personnelle ou pour les besoins d\u2019autres groupes ou organismes. Les textes pour le mois de mai sont accessibles sur la page web sp\u00e9ciale pour la vie et la famille, sous la section \u00ab\u00a0<strong><u><a href=\"https:\/\/www.cccb.ca\/fr\/foi-et-questions-morales\/famille-et-vie\/suggestions-dhomelies-et-de-prieres-des-fideles\/\">Suggestions d\u2019hom\u00e9lies et de pri\u00e8res des fid\u00e8les\u00a0<\/a><\/u><\/strong>\u00bb.<\/p>\n<h3><strong>D\u00e9claration pour soutenir la mise en \u0153uvre de la DNUDPA dans le droit canadien\u00a0<\/strong><\/h3>\n<p>Les membres du Bureau de direction de la Conf\u00e9rence des \u00e9v\u00eaques catholiques du Canada (CECC) ont publi\u00e9 une d\u00e9claration pour soutenir la mise en \u0153uvre de la Loi sur la D\u00e9claration des Nations Unies sur les droits des peuples autochtones (DNUDPA) dans le droit canadien.<\/p>\n<p><strong><a href=\"https:\/\/www.cccb.ca\/wp-content\/uploads\/2021\/04\/UNDRIP-DNUDPA-26-avril-2021-FR.pdf\">D\u00e9claration pour soutenir la mise en \u0153uvre de la DNUDPA dans le droit canadien<\/a><\/strong><\/p>\n<h3><strong>Semaine nationale pour la vie et la famille<\/strong><\/h3>\n<p>\u00c0 la suite des recommandations de l\u2019ancien Comit\u00e9\u00a0ad hoc\u00a0sur la vie et la famille de la Conf\u00e9rence des \u00e9v\u00eaques catholiques du Canada (CECC), les \u00e9v\u00eaques du Canada, \u00e0 leur Assembl\u00e9e pl\u00e9ni\u00e8re d\u2019octobre 2011, ont adopt\u00e9 un plan visant \u00e0 mettre en \u0153uvre une initiative pastorale nationale pour la vie et la famille. <a href=\"https:\/\/www.cccb.ca\/fr\/semaine-nationale-pour-la-vie-et-la-famille\/\">(Lire la suite\u2026)<\/a><\/p>\n<hr \/>\n<h2><strong>VATICAN NEWS<\/strong><\/h2>\n<h3><strong>L\u2019intention de pri\u00e8re du Pape pour le mois de mai<\/strong><\/h3>\n<p>L\u2019intention universelle \u2013 Le monde de la finance. Prions pour que les responsables financiers travaillent avec les gouvernements pour r\u00e9glementer les march\u00e9s financiers et prot\u00e9ger les citoyens de ses dangers.<\/p>\n<hr \/>\n<h2><strong>\u00c9V\u00c9NEMENTS PAROISSIAUX<\/strong><\/h2>\n<h3><strong>Sainte Messe \u2013 forme extraordinaire<\/strong><\/h3>\n<p>La Sainte Messe sous forme extraordinaire est offerte \u00e0 la Cath\u00e9drale St Columbkille le premier samedi de chaque mois \u00e0 9 h. Ces Messes sont sous la forme de la Liturgie telle qu&rsquo;elle \u00e9tait c\u00e9l\u00e9br\u00e9e au moment du Concile Vatican II &#8211; la m\u00eame forme qui a nourri la foi de beaucoup de nos anc\u00eatres. Des traductions en anglais de l&rsquo;ensemble de la messe sont fournies. <strong>Prochaine messe: <em>Annul\u00e9 jusqu&rsquo;\u00e0 nouvel ordre.<\/em> <\/strong><\/p>\n<hr \/>\n<h2><strong>OPPORTUNIT\u00c9S D&rsquo;EMPLOI<\/strong><\/h2>\n<h3><strong>Adjoint(e) en recherche et d\u00e9veloppement de ressources<\/strong><\/h3>\n<p>La Conf\u00e9rence des \u00e9v\u00eaques catholiques du Canada est \u00e0 la recherche d\u2019un(e)\u00a0 adjoint(e) en recherche et d\u00e9veloppement de ressources\u00a0 Sous la supervision du\/de la directeur(trice) de l\u2019Office pour la famille et la vie, l\u2019adjoint(e) en recherche et en d\u00e9veloppement [soutient l\u2019Office en aidant le\/la directeur(trice) avec les responsabilit\u00e9s \u00e9num\u00e9r\u00e9es ci-dessous et ex\u00e9cute des t\u00e2ches connexes. Les personnes int\u00e9ress\u00e9es sont pri\u00e9es de soumettre une lettre de pr\u00e9sentation et un curriculum vitae \u00e0\u00a0<strong><a href=\"mailto:careers@cccb.ca\">careers@cccb.ca<\/a><\/strong>. <strong>Date limite pour postuler : 20 mai 2021. Pour plus de renseignements\u00a0visiter\u00a0: <\/strong><a href=\"https:\/\/www.cccb.ca\/career\/adjointe-en-recherche-et-developpement-de-ressources-francais-office-pour-la-famille-et-la-vie\/\">https:\/\/www.cccb.ca\/career\/adjointe-en-recherche-et-developpement-de-ressources-francais-office-pour-la-famille-et-la-vie\/<\/a><strong>. <\/strong><\/p>\n<h3><strong>Coordonnateur des b\u00e2timents et de la construction \u2013 L\u2019Archidioc\u00e8se d\u2019Ottawa-Cornwall<\/strong><\/h3>\n<p>L&rsquo;Archidioc\u00e8se d&rsquo;Ottawa-Cornwall est \u00e0 la recherche d\u2019un coordonnateur des b\u00e2timents et de la construction pour travailler sous la supervision du g\u00e9rant de la Planification, des propri\u00e9t\u00e9s et des logements au sein du d\u00e9partement des Propri\u00e9t\u00e9s. Envoyez une lettre de pr\u00e9sentation et CV \u00e0: <a href=\"mailto:yjeanjoseph@archottawa.ca\">yjeanjoseph@archottawa.ca<\/a>. <strong>Date limite pour postuler est le 28 mai 2021<\/strong>. <a href=\"https:\/\/fr.archoc.ca\/opportunites-demploi\">https:\/\/fr.archoc.ca\/opportunites-demploi<\/a>.<\/p>\n","protected":false},"excerpt":{"rendered":"<p>Je vous donne ma paix. (Jean 14, 27-31a) MESSAGE DE L\u2019\u00c9V\u00caQUE Trente jours de pri\u00e8res \u00e0 Marie\u2026 avec notre Saint P\u00e8re! \u00a0Chers fr\u00e8res et s\u0153urs dans le Christ, Notre pape Fran\u00e7ois nous surprend encore une fois cette ann\u00e9e en nous proposant une nouvelle initiative qui saura exciter, esp\u00e9rons-le, notre d\u00e9votion mariale. Apr\u00e8s avoir d\u00e9cr\u00e9t\u00e9 que l\u2019ann\u00e9e 2021 serait consacr\u00e9e \u00e0 saint Joseph, le Saint P\u00e8re a cru bon nous inviter \u00e0 prier Marie chaque jour, d\u2019une fa\u00e7on toute-particuli\u00e8re, durant le mois de mai afin d\u2019implorer la fin de la pand\u00e9mie qui nous affecte tous \u00e0 divers degr\u00e9s. De par le pass\u00e9, combien de gr\u00e2ces extraordinaires ont \u00e9t\u00e9 accord\u00e9es \u00e0 l\u2019humanit\u00e9 par l\u2019intercession puissante de la Vierge Marie! Pensons \u00e0 la victoire \u00e9clatante que la flotte chr\u00e9tienne, sous le commandement de don Juan d\u2019Autriche, remporta en \u00e9crasant la puissante marine turque d\u2019Ali Pacha le 7 octobre 1571. Ce miracle fut accord\u00e9 par la Vierge Marie \u00e0 la demande du Pape qui l\u2019implorait pour sauver la chr\u00e9tient\u00e9 de l\u2019expansionnisme ottoman qui avait entrepris de vaincre l\u2019Europe toute enti\u00e8re. Lorsque la chr\u00e9tient\u00e9 a entrepris de r\u00e9citer le rosaire avec le Saint P\u00e8re pour que cesse cette expansion, peu de temps apr\u00e8s, ce dernier eu en vision l\u2019issue heureuse du combat de L\u00e9pante. Et \u00e0 l\u2019instant m\u00eame, don Juan s\u2019agenouillait sur le pont pour remercier Dieu de sa protection. Pour comm\u00e9morer cette victoire, on institua la f\u00eate de Notre-Dame de la Victoire qui fut commu\u00e9e plus tard en F\u00eate du Saint-Rosaire par le pape Gr\u00e9goire XIII. Le pape Fran\u00e7ois nous invite \u00e0 lutter avec lui, par le moyen de la pri\u00e8re du rosaire et durant tout le mois de mai, contre cette pand\u00e9mie qui semble vouloir s\u2019\u00e9terniser et poursuivre ses ravages \u00e0 tous les niveaux\u00a0: social, \u00e9conomique, psychologique, physique et spirituel. Il serait bon de nous rappeler que nous ne prions pas seulement pour vaincre la COVID et ses effets d\u00e9vastateurs, mais que nous le faisons aussi pour signifier \u00e0 Dieu notre d\u00e9sir de lui redonner une place importante dans nos c\u0153urs. Les avancements technologiques et scientifiques des derniers temps ont certes contribu\u00e9 \u00e0 l\u2019enrichissement intellectuel et mat\u00e9riel de plusieurs, mais malheureusement, cela s\u2019est fait souvent au d\u00e9triment de notre \u00eatre spirituel et au d\u00e9triment des moins bien nantis. Ces avancements ont entra\u00een\u00e9 des cons\u00e9quences n\u00e9fastes sur toute la plan\u00e8te qui devient malheureusement de plus en plus indiff\u00e9rente et sans compassion devant la mis\u00e8re d\u2019autrui. Allons un peu plus loin\u00a0: nos temps modernes nous ont amen\u00e9 \u00e0 exalter toutes formes d\u2019individualisme, de sensualisme, d\u2019esprit de consommation et de possession et de foi en la toute-puissance de l\u2019homme, et tout cela au d\u00e9triment de la relation d\u2019amour que Dieu voudrait tant partager avec chacun de nous. Nous en sommes venus \u00e0 ignorer, voire m\u00eame repousser par nos attitudes d\u2019indiff\u00e9rence et de pr\u00e9tendue ind\u00e9pendance, le grand cadeau de vie et de bonheur \u00e9ternel que Dieu a bien voulu accorder \u00e0 ceux qui l\u2019aimeront fid\u00e8lement jusqu\u2019\u00e0 la fin. Une sorte d\u2019aveuglement pan-plan\u00e9taire est en train d\u2019envahir les esprits de nombreux hommes et femmes qui s\u2019inqui\u00e8tent plus de mourir physiquement et d\u2019\u00eatre enterr\u00e9s dans un trou noir, que [&hellip;]<\/p>\n","protected":false},"author":1,"featured_media":3815,"comment_status":"closed","ping_status":"closed","sticky":false,"template":"","format":"standard","meta":{"_monsterinsights_skip_tracking":false,"_monsterinsights_sitenote_active":false,"_monsterinsights_sitenote_note":"","_monsterinsights_sitenote_category":0,"footnotes":"","_links_to":"","_links_to_target":""},"categories":[114],"tags":[],"class_list":["post-6912","post","type-post","status-publish","format-standard","has-post-thumbnail","hentry","category-bulletin"],"post_mailing_queue_ids":[],"_links":{"self":[{"href":"https:\/\/pembrokediocese.com\/fr\/wp-json\/wp\/v2\/posts\/6912","targetHints":{"allow":["GET"]}}],"collection":[{"href":"https:\/\/pembrokediocese.com\/fr\/wp-json\/wp\/v2\/posts"}],"about":[{"href":"https:\/\/pembrokediocese.com\/fr\/wp-json\/wp\/v2\/types\/post"}],"author":[{"embeddable":true,"href":"https:\/\/pembrokediocese.com\/fr\/wp-json\/wp\/v2\/users\/1"}],"replies":[{"embeddable":true,"href":"https:\/\/pembrokediocese.com\/fr\/wp-json\/wp\/v2\/comments?post=6912"}],"version-history":[{"count":0,"href":"https:\/\/pembrokediocese.com\/fr\/wp-json\/wp\/v2\/posts\/6912\/revisions"}],"wp:featuredmedia":[{"embeddable":true,"href":"https:\/\/pembrokediocese.com\/fr\/wp-json\/wp\/v2\/media\/3815"}],"wp:attachment":[{"href":"https:\/\/pembrokediocese.com\/fr\/wp-json\/wp\/v2\/media?parent=6912"}],"wp:term":[{"taxonomy":"category","embeddable":true,"href":"https:\/\/pembrokediocese.com\/fr\/wp-json\/wp\/v2\/categories?post=6912"},{"taxonomy":"post_tag","embeddable":true,"href":"https:\/\/pembrokediocese.com\/fr\/wp-json\/wp\/v2\/tags?post=6912"}],"curies":[{"name":"wp","href":"https:\/\/api.w.org\/{rel}","templated":true}]}}