{"id":7001,"date":"2021-05-18T10:46:28","date_gmt":"2021-05-18T14:46:28","guid":{"rendered":"https:\/\/pembrokediocese.com\/bulletin\/11-mai-2021-copy\/"},"modified":"2021-05-18T11:06:17","modified_gmt":"2021-05-18T15:06:17","slug":"18-mai-2021","status":"publish","type":"post","link":"https:\/\/pembrokediocese.com\/fr\/bulletin\/18-mai-2021\/","title":{"rendered":"BULLETIN HEBDOMADAIRE  &#8211; le 18 mai 2021  (F\u00e9rie)"},"content":{"rendered":"<h3><strong><em>P\u00e8re, glorifie ton Fils.<\/em><\/strong><\/h3>\n<p>(Jean 17, 1-11a)<\/p>\n<hr \/>\n<h2><strong>MESSAGE DE L\u2019\u00c9V\u00caQUE<\/strong><\/h2>\n<h3><strong>Quand il viendra, lui, l\u2019Esprit de v\u00e9rit\u00e9, il vous conduira dans la v\u00e9rit\u00e9 tout enti\u00e8re<\/strong><\/h3>\n<p><strong>Chers fr\u00e8res et s\u0153urs,<\/strong><\/p>\n<p>Dimanche prochain, nous allons officiellement cl\u00f4turer le temps pascal avec la solennit\u00e9 de la Pentec\u00f4te. Depuis le jour de la grande f\u00eate de P\u00e2ques, jour le plus important de toute l\u2019ann\u00e9e liturgique (appel\u00e9 aussi la solennit\u00e9 des solennit\u00e9s), jusqu\u2019au jour de la Pentec\u00f4te, nous aurons c\u00e9l\u00e9br\u00e9 en r\u00e9alit\u00e9 cinquante fois la m\u00eame et unique f\u00eate de la r\u00e9surrection du Seigneur J\u00e9sus. (Petite parenth\u00e8se en passant, le mot grec \u00ab\u00a0Pent\u00e8cost\u00e8\u00a0\u00bb se traduit par cinquanti\u00e8me \u00ab\u00a0jour\u00a0\u00bb). Le soir de la Pentec\u00f4te, nous \u00e9teindrons par cons\u00e9quent le cierge pascal pour signifier la cl\u00f4ture de ce temps liturgique.<\/p>\n<p>Voici quelques informations historiques qui sauront peut-\u00eatre alimenter la curiosit\u00e9 intellectuelle de certains parmi vous. La f\u00eate de la Pentec\u00f4te nous est racont\u00e9e pour la premi\u00e8re fois dans le livre de l\u2019Exode\u00a0: <em>\u00ab \u00c0 partir du lendemain du sabbat, du jour o\u00f9 vous aurez apport\u00e9 la gerbe de pr\u00e9sentation, vous compterez sept semaines compl\u00e8tes. Vous compterez cinquante jours jusqu\u2019au lendemain du septi\u00e8me sabbat et vous offrirez alors \u00e0 Yahv\u00e9 une nouvelle oblation.\u00a0\u00bb<\/em> (Ex 23, 15-16)<\/p>\n<p>Cinquante jours apr\u00e8s la f\u00eate du printemps &#8211; le chiffre 7 (x 7) \u00e9tant le chiffre biblique qui repr\u00e9sente la pl\u00e9nitude &#8211; on vient alors remercier Dieu pour les r\u00e9coltes et on lui offre les premiers fruits du travail des champs. On lui donne le nom de \u00ab\u00a0F\u00eate de la Moisson\u00a0\u00bb ou \u00ab\u00a0F\u00eate des Semaines\u00a0\u00bb. (Lv 23, 15-22)<\/p>\n<p>Cependant, cette tradition juive s\u2019estompera peu \u00e0 peu au fil des ans\u00a0: elle deviendra plut\u00f4t un compl\u00e9ment de la f\u00eate de la P\u00e2que juive. Comme le peuple h\u00e9breu \u00e9tait sorti d\u2019\u00c9gypte le jour de P\u00e2que en vue de faire alliance avec son Dieu au mont Sina\u00ef, la \u00ab\u00a0f\u00eate des (7) Semaines\u00a0\u00bb deviendra alors la nouvelle f\u00eate de la Pentec\u00f4te appel\u00e9e \u00ab\u00a0Jour de l\u2019Assembl\u00e9e\u00a0\u00bb et sera d\u00e9sormais centr\u00e9e sur l\u2019Alliance. Elle sera donc c\u00e9l\u00e9br\u00e9e 50 jours apr\u00e8s sa lib\u00e9ration d\u2019\u00c9gypte, car elle correspond approximativement au nombre de jours qui ont pass\u00e9 avant de conclure l\u2019Alliance avec Dieu.<\/p>\n<p>Revenons maintenant \u00e0 la Pentec\u00f4te chr\u00e9tienne et \u00e0 sa signification. \u00c9tant donn\u00e9 que le Christ est le Pontife (\u00ab\u00a0b\u00e2tisseur de ponts\u00a0\u00bb) divin qui nous permet d\u2019entrer enfin dans la v\u00e9ritable et d\u00e9finitive Alliance avec Dieu, gr\u00e2ce au don de sa vie sur la Croix, il est bon de nous rappeler que le moment o\u00f9 il exhale son dernier souffle, l\u2019\u00e9vang\u00e9liste Jean utilise le terme \u00ab\u00a0il transmit\u00a0\u00bb son esprit\u00a0: comme pour signifier d\u00e9j\u00e0 une avance du don de l\u2019Esprit Saint qu\u2019il soufflera sur ses ap\u00f4tres le jour de sa r\u00e9surrection\u00a0: \u00ab\u00a0<em>Ayant ainsi parl\u00e9, il souffla sur eux et il leur dit\u00a0: \u00ab\u00a0Recevez l\u2019Esprit Saint.\u00a0\u00bb <\/em>(Jn 20, 22)<\/p>\n<p>Mais ce n\u2019est que cinquante jours apr\u00e8s sa mort que J\u00e9sus enverra enfin la pl\u00e9nitude de l\u2019Esprit de force et de v\u00e9rit\u00e9. C\u2019est \u00e0 ce moment que l\u2019Esprit Saint enflammera le c\u0153ur des ap\u00f4tres et qu\u2019il chassera d\u00e9finitivement leurs craintes en les rendant d\u00e9sormais capables de proclamer la Bonne Nouvelle, sans craindre les pers\u00e9cutions ou la mort. M\u00eame s\u2019ils avaient d\u00e9j\u00e0 re\u00e7u pr\u00e9alablement une avance de l\u2019Esprit au jour de la r\u00e9surrection de J\u00e9sus, les ap\u00f4tres n\u2019avaient pas encore re\u00e7u la pl\u00e9nitude de l\u2019Esprit. La preuve, c\u2019est que les ap\u00f4tres se sont enferm\u00e9s dans la chambre haute apr\u00e8s la mort de J\u00e9sus et ils se sont barricad\u00e9s \u00e0 l\u2019int\u00e9rieur par peur des autorit\u00e9s juives et par peur de souffrir ou de mourir comme leur Ma\u00eetre. Sans doute est-ce pour cette raison que J\u00e9sus leur dit dans l\u2019\u00c9vangile de dimanche\u00a0prochain :\u00a0<em>\u00ab <\/em><em>J\u2019ai encore beaucoup de choses \u00e0 vous dire, mais pour l\u2019instant vous ne pouvez pas les porter.\u00a0Quand il viendra, lui, l\u2019Esprit de v\u00e9rit\u00e9, il vous conduira dans la v\u00e9rit\u00e9 tout enti\u00e8re.\u00a0\u00bb <\/em>(Jn 16, 12-13)<\/p>\n<p><em>\u00a0<\/em>Chers amis, en ce grand jour de la solennit\u00e9 de la Pentec\u00f4te, demandons \u00e0 Dieu, ou plut\u00f4t exigeons de Lui de nous envoyer son Esprit Saint en pl\u00e9nitude. Comme il serait b\u00e9n\u00e9fique \u00e0 chacun et chacune de nous de faire la divine exp\u00e9rience de l\u2019effusion de son Esprit Saint! \u00c0 l\u2019exemple des pauvres et timides ap\u00f4tres qui se sont vus renouvel\u00e9s enti\u00e8rement par ce feu venu d\u2019en haut, nous deviendrions des charbons ardents capables d\u2019allumer ce feu que J\u00e9sus est venu allumer sur la terre.<\/p>\n<p>On peut maintenant se poser la question\u00a0: l\u2019effusion de l\u2019Esprit exige-t-elle de nous certaines dispositions? \u00c9videmment que oui! Faisons d\u2019abord un bon m\u00e9nage int\u00e9rieur s\u2019il y a besoin (sacrement de la r\u00e9conciliation peut-\u00eatre); augmentons nos temps quotidiens de pri\u00e8re intime avec Dieu; d\u00e9sirons, d\u00e9sirons et d\u00e9sirons ardemment recevoir son Esprit, en laissant \u00e9chapper quotidiennement de nos l\u00e8vres de nombreux et courts actes de pi\u00e9t\u00e9 qui t\u00e9moigneront \u00e0 Dieu notre d\u00e9sir de l\u2019inviter en nos c\u0153urs; et enfin, ne craignons pas de faire quelques sacrifices et d\u2019accomplir des actes de charit\u00e9 envers le prochain. Toutes ces pens\u00e9es, ces d\u00e9sirs et ces actions deviendront de v\u00e9ritables et puissants aimants qui attireront le Saint Esprit qui ne tardera pas d\u2019entrer dans nos c\u0153urs et de nous accompagner avec force dans notre mission d\u2019\u00e9vang\u00e9lisation.<\/p>\n<p><em>\u00ab\u00a0Viens, Esprit Saint, en nos c\u0153urs et envoie du haut du ciel un rayon de ta lumi\u00e8re. Viens en nous, p\u00e8re des pauvres, viens, dispensateur des dons, viens, lumi\u00e8re de nos c\u0153urs.\u00a0\u00bb <\/em>(S\u00e9quence, jour de la Pentec\u00f4te)<\/p>\n<p>Sinc\u00e8rement v\u00f4tre dans le Christ ressuscit\u00e9,<\/p>\n<p>&nbsp;<\/p>\n<p>+Guy Desrochers, C.Ss.R.<\/p>\n<p>\u00c9v\u00eaque de Pembroke<\/p>\n<hr \/>\n<h2><strong>DU DIOC\u00c8SE<\/strong><\/h2>\n<h3><strong>Un bonjour du nouveau directeur de la pastorale dioc\u00e9saine<\/strong><\/h3>\n<p>Chers amis ! Ayant \u00e9t\u00e9 tout r\u00e9cemment engag\u00e9 par le dioc\u00e8se comme directeur de la pastorale, j&rsquo;aimerais me pr\u00e9senter. Mon nom est Pierre-Alain Giffard, je suis le p\u00e8re de deux jeunes adolescentes et le conjoint de mon \u00e9pouse Marie. Pratiquement toute ma vie a \u00e9t\u00e9 consacr\u00e9e \u00e0 la th\u00e9ologie et \u00e0 l\u2019\u00e9vang\u00e9lisation. Je me suis aussi beaucoup occup\u00e9 de personnes avec un handicap, que ce soit physique ou mental. Qu\u2019est-ce que je pourrais dire qui pourraient vous int\u00e9resser ? Je suis un sp\u00e9cialiste de la pastorale missionnaire, ayant beaucoup \u00e9tudi\u00e9 et pratiqu\u00e9 dans le domaine. Je d\u00e9tiens un doctorat en th\u00e9ologie pratique et mes recherches portent sur les paroisses missionnaires. Pourquoi certaines paroisses se d\u00e9veloppent alors que d\u2019autres sont en d\u00e9croissance ? Ce fut une des questions centrales de ma th\u00e8se. Durant les 15 derni\u00e8res ann\u00e9es j\u2019ai travaill\u00e9 au niveau dioc\u00e9sain au Qu\u00e9bec et au Manitoba, j\u2019ai aussi \u00e9t\u00e9 professeur \u00e0 l\u2019universit\u00e9 Saint-Paul d&rsquo;Ottawa. Je suis enthousiasm\u00e9 par le projet de renouvellement des paroisses que porte Mgr Guy Desrochers. Celui-ci m\u2019a demand\u00e9, entre autres, d\u2019assurer le leadership de l\u2019\u00e9quipe d\u2019\u00e9vang\u00e9lisation dioc\u00e9saine. J\u2019esp\u00e8re que nous aurons l\u2019occasion de nous rencontrer. N&rsquo;h\u00e9sitez pas \u00e0 communiquer avec moi en m&rsquo;\u00e9crivant \u00e0 l\u2019adresse suivante\u00a0: <a href=\"mailto:pag@pembrokediocese.com\">pag@pembrokediocese.com<\/a>. Au plaisir. <em>Pierre-Alain Giffard\u00a0<\/em><\/p>\n<h3><strong>1500<sup>\u00e8me<\/sup> anniversaire de la naissance de saint Columbkille, 520\/21-2021 <\/strong><\/h3>\n<p><em>par le P\u00e8re Michael Smith<\/em><\/p>\n<p>Du 7 d\u00e9cembre 2020 au 7 d\u00e9cembre 2021, les \u00c9glises catholique, anglicane et presbyt\u00e9rienne du nord-ouest de l&rsquo;Irlande (y compris la R\u00e9publique d&rsquo;Irlande et l&rsquo;Irlande du Nord) c\u00e9l\u00e8brent le 1500\u00e8me anniversaire de la naissance d&rsquo;un fils de la r\u00e9gion, saint Columbkille (\u00e9galement connu sous les noms de Colmcille et Colomba, \u00ab\u00a0colombe de l\u2019\u00c9glise\u00a0\u00bb). Le dioc\u00e8se catholique de Raphoe, dans le comt\u00e9 de Donegal, a pris contact avec notre dioc\u00e8se et communiquera avec nous au fur et \u00e0 mesure des c\u00e9l\u00e9brations. <a href=\"https:\/\/pembrokediocese.com\/fr\/article\/1500eme-anniversaire-de-la-naissance-de-saint-columbkille\/\">(Lire la suite\u2026)<\/a><\/p>\n<h3><strong>Ecclesia<\/strong><\/h3>\n<p>Le num\u00e9ro d&rsquo;Eccl\u00e9sia de mai 2021 a \u00e9t\u00e9 livr\u00e9 pour \u00eatre distribu\u00e9 dans les paroisses. Dans ce num\u00e9ro, il y a un sondage \u00e0 la derni\u00e8re page. Le comit\u00e9 Ecclesia l\u2019appr\u00e9cierait beaucoup si vous le remplissiez et que vous le remettiez dans le panier de qu\u00eate \u00e0 n\u2019importe quelle messe. La date limite de la remise des questionnaires est <strong>le 30 juillet<\/strong>. Le comit\u00e9 Ecclesia vous remercie de votre participation \u00e0 cette initiative.\u00a0Veuillez noter que le num\u00e9ro de mai d&rsquo;Ecclesia peut d\u00e9sormais \u00eatre consult\u00e9 sur notre site web\u00a0: <a href=\"https:\/\/pembrokediocese.com\/fr\/ecclesia\/\">Ecclesia \u2013 Dioc\u00e8se de Pembroke (pembrokediocese.com)<\/a>.<\/p>\n<h3><strong>Rester \u00e0 la maison<\/strong><\/h3>\n<p>Pendant l\u2019ordre de rester \u00e0 la maison \u00e9mis par le premier ministre Doug Ford, la plupart des membres du personnel de la chancellerie font du t\u00e9l\u00e9travail. Vous pouvez les joindre par courriel. Pour le r\u00e9pertoire, veuillez consulter notre site Web \u00e0 <a href=\"http:\/\/www.pembrokediocese.com\">www.pembrokediocese.com<\/a>.<\/p>\n<hr \/>\n<h2><strong>DE LA CECC<\/strong><\/h2>\n<h3><strong>Journ\u00e9e mondiale du migrant et du r\u00e9fugi\u00e9 2021 \u2013 lundi, mai 17, 2021 <\/strong><\/h3>\n<p>La 107<sup>e<\/sup> Journ\u00e9e mondiale du migrant et du r\u00e9fugi\u00e9 sera c\u00e9l\u00e9br\u00e9e le <strong>26 septembre 2021<\/strong>. Le th\u00e8me du message du pape Fran\u00e7ois est \u00ab\u00a0<strong>Vers un\u00a0<\/strong><strong>nous\u00a0<\/strong><strong>toujours plus grand\u00a0<\/strong>\u00bb. Dans son message, le Saint-P\u00e8re nous rappelle que \u00ab\u00a0 L\u2019histoire du salut voit donc un\u00a0nous\u00a0au d\u00e9but et un\u00a0nous\u00a0\u00e0 la fin, et au centre le myst\u00e8re du Christ, mort et ressuscit\u00e9 \u2018afin que tous soient un\u2019 (Jn\u00a017,21). Le temps pr\u00e9sent, cependant, nous montre que le\u00a0nous\u00a0voulu par Dieu est bris\u00e9 et fragment\u00e9, bless\u00e9 et d\u00e9figur\u00e9. Et cela se produit surtout dans les moments de grande crise, comme maintenant avec la pand\u00e9mie. Les nationalismes ferm\u00e9s et agressifs (cf.\u00a0<a href=\"http:\/\/www.vatican.va\/content\/francesco\/fr\/encyclicals\/documents\/papa-francesco_20201003_enciclica-fratelli-tutti.html#11\"><strong>Fratelli tutti,<\/strong><strong>\u00a0n. 11<\/strong><\/a>) et l\u2019individualisme radical (cf.\u00a0<a href=\"http:\/\/www.vatican.va\/content\/francesco\/fr\/encyclicals\/documents\/papa-francesco_20201003_enciclica-fratelli-tutti.html#105\"><strong>ibid<\/strong><strong>., n. 105<\/strong><\/a>) \u00e9miettent ou divisent le\u00a0nous, tant dans le monde qu\u2019au sein de l\u2019\u00c9glise. Et le prix le plus \u00e9lev\u00e9 est pay\u00e9 par ceux qui peuvent le plus facilement devenir les\u00a0autres\u00a0: les \u00e9trangers, les migrants, les marginaux, qui vivent dans les p\u00e9riph\u00e9ries existentielles.\u00a0 \u00bb<\/p>\n<p><a href=\"https:\/\/www.vatican.va\/content\/francesco\/fr\/messages\/migration\/documents\/papa-francesco_20210503_world-migrants-day-2021.html\"><strong>Lien au message pour la Journ\u00e9e mondiale du migrant et du r\u00e9fugi\u00e9<\/strong><\/a><\/p>\n<hr \/>\n<h2><strong>VATICAN NEWS<\/strong><\/h2>\n<h3><strong>L\u2019intention de pri\u00e8re du Pape pour le mois de mai<\/strong><\/h3>\n<p>L\u2019intention universelle \u2013 Le monde de la finance. Prions pour que les responsables financiers travaillent avec les gouvernements pour r\u00e9glementer les march\u00e9s financiers et prot\u00e9ger les citoyens de ses dangers.<\/p>\n<hr \/>\n<h2><strong>OPPORTUNIT\u00c9S D&rsquo;EMPLOI<\/strong><\/h2>\n<h3><strong>Adjoint(e) en recherche et d\u00e9veloppement de ressources<\/strong><\/h3>\n<p>La Conf\u00e9rence des \u00e9v\u00eaques catholiques du Canada est \u00e0 la recherche d\u2019un(e)\u00a0 adjoint(e) en recherche et d\u00e9veloppement de ressources\u00a0 Sous la supervision du\/de la directeur(trice) de l\u2019Office pour la famille et la vie, l\u2019adjoint(e) en recherche et en d\u00e9veloppement [soutient l\u2019Office en aidant le\/la directeur(trice) avec les responsabilit\u00e9s \u00e9num\u00e9r\u00e9es ci-dessous et ex\u00e9cute des t\u00e2ches connexes. Les personnes int\u00e9ress\u00e9es sont pri\u00e9es de soumettre une lettre de pr\u00e9sentation et un curriculum vitae \u00e0\u00a0<strong><a href=\"mailto:careers@cccb.ca\">careers@cccb.ca<\/a><\/strong>. <strong>Date limite pour postuler : 20 mai 2021. Pour plus de renseignements\u00a0visiter\u00a0: <\/strong><a href=\"https:\/\/www.cccb.ca\/career\/adjointe-en-recherche-et-developpement-de-ressources-francais-office-pour-la-famille-et-la-vie\/\">https:\/\/www.cccb.ca\/career\/adjointe-en-recherche-et-developpement-de-ressources-francais-office-pour-la-famille-et-la-vie\/<\/a><strong>. <\/strong><\/p>\n<h3><strong>Coordonnateur des b\u00e2timents et de la construction \u2013 L\u2019Archidioc\u00e8se d\u2019Ottawa-Cornwall<\/strong><\/h3>\n<p>L&rsquo;Archidioc\u00e8se d&rsquo;Ottawa-Cornwall est \u00e0 la recherche d\u2019un coordonnateur des b\u00e2timents et de la construction pour travailler sous la supervision du g\u00e9rant de la Planification, des propri\u00e9t\u00e9s et des logements au sein du d\u00e9partement des Propri\u00e9t\u00e9s. Envoyez une lettre de pr\u00e9sentation et CV \u00e0: <a href=\"mailto:yjeanjoseph@archottawa.ca\">yjeanjoseph@archottawa.ca<\/a>. <strong>Date limite pour postuler est le 28 mai 2021<\/strong>. <a href=\"https:\/\/fr.archoc.ca\/opportunites-demploi\">https:\/\/fr.archoc.ca\/opportunites-demploi<\/a>.<\/p>\n","protected":false},"excerpt":{"rendered":"<p>P\u00e8re, glorifie ton Fils. (Jean 17, 1-11a) MESSAGE DE L\u2019\u00c9V\u00caQUE Quand il viendra, lui, l\u2019Esprit de v\u00e9rit\u00e9, il vous conduira dans la v\u00e9rit\u00e9 tout enti\u00e8re Chers fr\u00e8res et s\u0153urs, Dimanche prochain, nous allons officiellement cl\u00f4turer le temps pascal avec la solennit\u00e9 de la Pentec\u00f4te. Depuis le jour de la grande f\u00eate de P\u00e2ques, jour le plus important de toute l\u2019ann\u00e9e liturgique (appel\u00e9 aussi la solennit\u00e9 des solennit\u00e9s), jusqu\u2019au jour de la Pentec\u00f4te, nous aurons c\u00e9l\u00e9br\u00e9 en r\u00e9alit\u00e9 cinquante fois la m\u00eame et unique f\u00eate de la r\u00e9surrection du Seigneur J\u00e9sus. (Petite parenth\u00e8se en passant, le mot grec \u00ab\u00a0Pent\u00e8cost\u00e8\u00a0\u00bb se traduit par cinquanti\u00e8me \u00ab\u00a0jour\u00a0\u00bb). Le soir de la Pentec\u00f4te, nous \u00e9teindrons par cons\u00e9quent le cierge pascal pour signifier la cl\u00f4ture de ce temps liturgique. Voici quelques informations historiques qui sauront peut-\u00eatre alimenter la curiosit\u00e9 intellectuelle de certains parmi vous. La f\u00eate de la Pentec\u00f4te nous est racont\u00e9e pour la premi\u00e8re fois dans le livre de l\u2019Exode\u00a0: \u00ab \u00c0 partir du lendemain du sabbat, du jour o\u00f9 vous aurez apport\u00e9 la gerbe de pr\u00e9sentation, vous compterez sept semaines compl\u00e8tes. Vous compterez cinquante jours jusqu\u2019au lendemain du septi\u00e8me sabbat et vous offrirez alors \u00e0 Yahv\u00e9 une nouvelle oblation.\u00a0\u00bb (Ex 23, 15-16) Cinquante jours apr\u00e8s la f\u00eate du printemps &#8211; le chiffre 7 (x 7) \u00e9tant le chiffre biblique qui repr\u00e9sente la pl\u00e9nitude &#8211; on vient alors remercier Dieu pour les r\u00e9coltes et on lui offre les premiers fruits du travail des champs. On lui donne le nom de \u00ab\u00a0F\u00eate de la Moisson\u00a0\u00bb ou \u00ab\u00a0F\u00eate des Semaines\u00a0\u00bb. (Lv 23, 15-22) Cependant, cette tradition juive s\u2019estompera peu \u00e0 peu au fil des ans\u00a0: elle deviendra plut\u00f4t un compl\u00e9ment de la f\u00eate de la P\u00e2que juive. Comme le peuple h\u00e9breu \u00e9tait sorti d\u2019\u00c9gypte le jour de P\u00e2que en vue de faire alliance avec son Dieu au mont Sina\u00ef, la \u00ab\u00a0f\u00eate des (7) Semaines\u00a0\u00bb deviendra alors la nouvelle f\u00eate de la Pentec\u00f4te appel\u00e9e \u00ab\u00a0Jour de l\u2019Assembl\u00e9e\u00a0\u00bb et sera d\u00e9sormais centr\u00e9e sur l\u2019Alliance. Elle sera donc c\u00e9l\u00e9br\u00e9e 50 jours apr\u00e8s sa lib\u00e9ration d\u2019\u00c9gypte, car elle correspond approximativement au nombre de jours qui ont pass\u00e9 avant de conclure l\u2019Alliance avec Dieu. Revenons maintenant \u00e0 la Pentec\u00f4te chr\u00e9tienne et \u00e0 sa signification. \u00c9tant donn\u00e9 que le Christ est le Pontife (\u00ab\u00a0b\u00e2tisseur de ponts\u00a0\u00bb) divin qui nous permet d\u2019entrer enfin dans la v\u00e9ritable et d\u00e9finitive Alliance avec Dieu, gr\u00e2ce au don de sa vie sur la Croix, il est bon de nous rappeler que le moment o\u00f9 il exhale son dernier souffle, l\u2019\u00e9vang\u00e9liste Jean utilise le terme \u00ab\u00a0il transmit\u00a0\u00bb son esprit\u00a0: comme pour signifier d\u00e9j\u00e0 une avance du don de l\u2019Esprit Saint qu\u2019il soufflera sur ses ap\u00f4tres le jour de sa r\u00e9surrection\u00a0: \u00ab\u00a0Ayant ainsi parl\u00e9, il souffla sur eux et il leur dit\u00a0: \u00ab\u00a0Recevez l\u2019Esprit Saint.\u00a0\u00bb (Jn 20, 22) Mais ce n\u2019est que cinquante jours apr\u00e8s sa mort que J\u00e9sus enverra enfin la pl\u00e9nitude de l\u2019Esprit de force et de v\u00e9rit\u00e9. C\u2019est \u00e0 ce moment que l\u2019Esprit Saint enflammera le c\u0153ur des ap\u00f4tres et qu\u2019il chassera d\u00e9finitivement leurs craintes en les rendant d\u00e9sormais capables de proclamer la Bonne Nouvelle, sans craindre les pers\u00e9cutions ou la mort. M\u00eame s\u2019ils avaient d\u00e9j\u00e0 re\u00e7u [&hellip;]<\/p>\n","protected":false},"author":1,"featured_media":3815,"comment_status":"closed","ping_status":"closed","sticky":false,"template":"","format":"standard","meta":{"_monsterinsights_skip_tracking":false,"_monsterinsights_sitenote_active":false,"_monsterinsights_sitenote_note":"","_monsterinsights_sitenote_category":0,"footnotes":"","_links_to":"","_links_to_target":""},"categories":[114],"tags":[],"class_list":["post-7001","post","type-post","status-publish","format-standard","has-post-thumbnail","hentry","category-bulletin"],"post_mailing_queue_ids":[],"_links":{"self":[{"href":"https:\/\/pembrokediocese.com\/fr\/wp-json\/wp\/v2\/posts\/7001","targetHints":{"allow":["GET"]}}],"collection":[{"href":"https:\/\/pembrokediocese.com\/fr\/wp-json\/wp\/v2\/posts"}],"about":[{"href":"https:\/\/pembrokediocese.com\/fr\/wp-json\/wp\/v2\/types\/post"}],"author":[{"embeddable":true,"href":"https:\/\/pembrokediocese.com\/fr\/wp-json\/wp\/v2\/users\/1"}],"replies":[{"embeddable":true,"href":"https:\/\/pembrokediocese.com\/fr\/wp-json\/wp\/v2\/comments?post=7001"}],"version-history":[{"count":0,"href":"https:\/\/pembrokediocese.com\/fr\/wp-json\/wp\/v2\/posts\/7001\/revisions"}],"wp:featuredmedia":[{"embeddable":true,"href":"https:\/\/pembrokediocese.com\/fr\/wp-json\/wp\/v2\/media\/3815"}],"wp:attachment":[{"href":"https:\/\/pembrokediocese.com\/fr\/wp-json\/wp\/v2\/media?parent=7001"}],"wp:term":[{"taxonomy":"category","embeddable":true,"href":"https:\/\/pembrokediocese.com\/fr\/wp-json\/wp\/v2\/categories?post=7001"},{"taxonomy":"post_tag","embeddable":true,"href":"https:\/\/pembrokediocese.com\/fr\/wp-json\/wp\/v2\/tags?post=7001"}],"curies":[{"name":"wp","href":"https:\/\/api.w.org\/{rel}","templated":true}]}}