{"id":7661,"date":"2021-09-19T18:11:42","date_gmt":"2021-09-19T22:11:42","guid":{"rendered":"https:\/\/pembrokediocese.com\/?p=7661"},"modified":"2021-09-20T12:20:02","modified_gmt":"2021-09-20T16:20:02","slug":"demandes-de-lettre-dexemption","status":"publish","type":"post","link":"https:\/\/pembrokediocese.com\/fr\/article\/demandes-de-lettre-dexemption\/","title":{"rendered":"Demandes de lettre d&rsquo;exemption"},"content":{"rendered":"<p><img loading=\"lazy\" decoding=\"async\" class=\"wp-image-3869 aligncenter\" src=\"https:\/\/pembrokediocese.com\/wp-content\/uploads\/DesrochersGuy_Arms-small-262x300.png\" alt=\"\" width=\"131\" height=\"150\" srcset=\"https:\/\/pembrokediocese.com\/wp-content\/uploads\/DesrochersGuy_Arms-small-262x300.png 262w, https:\/\/pembrokediocese.com\/wp-content\/uploads\/DesrochersGuy_Arms-small.png 500w\" sizes=\"(max-width: 131px) 100vw, 131px\" \/><\/p>\n<p style=\"text-align: center;\">Le 16 septembre 2021<\/p>\n<p><strong>Aux pr\u00eatres et aux diacres du dioc\u00e8se de Pembroke<\/strong><\/p>\n<p>Ce seizi\u00e8me jour de septembre 2021<\/p>\n<p>Chers confr\u00e8res,<\/p>\n<p>Ces derniers jours, on m&rsquo;a demand\u00e9 si les membres du clerg\u00e9 seraient autoris\u00e9s \u00e0 \u00e9crire une lettre demandant que des personnes soient exempt\u00e9es de l&rsquo;obligation de se faire vacciner pour leur emploi ou d&rsquo;autres activit\u00e9s.<\/p>\n<p>Apr\u00e8s avoir beaucoup pri\u00e9 et r\u00e9fl\u00e9chi sur la question et apr\u00e8s avoir consult\u00e9 mes aviseurs, j&rsquo;ai d\u00e9cid\u00e9 de ne pas signer de lettres demandant des exemptions. Ma raison principale \u00e9tant que depuis les r\u00e9centes lois gouvernementales &#8211; et du Qu\u00e9bec et de l\u2019Ontario \u2013 qui obligent toute personne \u00e0 pr\u00e9senter un passeport vaccinal dans certains lieux publics et qui autorisent tout employeur qui le d\u00e9sire \u00e0 imposer les vaccins anti-COVID \u00e0 leurs employ\u00e9s, les seules exemptions qui seront accord\u00e9es aux non-vaccin\u00e9s devront provenir de m\u00e9decins et non de personnages religieux ou autres. Ces m\u00e9decins seront \u00e9galement tenus de respecter les crit\u00e8res stricts d\u2019exemption des autorit\u00e9s sanitaires. Par cons\u00e9quent, une demande d\u2019exemption sign\u00e9e par un \u00e9v\u00eaque ou un pasteur n\u2019aura pratiquement aucun effet, voire cr\u00e9dibilit\u00e9 aux yeux des autorit\u00e9s sanitaires, d\u2019employeurs qui ont d\u00e9cid\u00e9 de forcer leurs employ\u00e9s \u00e0 se faire vacciner, ou de propri\u00e9taires de commerce qui doivent maintenant refuser toute personne qui ne poss\u00e8de pas de passeport vaccinal (ou d\u2019exemption attest\u00e9e par son m\u00e9decin).<\/p>\n<p>Je serai toujours un d\u00e9fenseur ardent du respect des droits de la personne et des choix qu\u2019un individu fait apr\u00e8s avoir soigneusement form\u00e9 sa conscience, comme l\u2019a toujours enseign\u00e9e l\u2019\u00c9glise catholique depuis ses origines. C\u2019est pourquoi j\u2019invite toute personne, sp\u00e9cialement les chr\u00e9tiens, \u00e0 respecter la conscience des autres, tant celle de ceux qui ont d\u00e9cid\u00e9 de se faire vacciner, que celle de ceux qui ont opt\u00e9 pour ne pas l\u2019\u00eatre pour des raisons personnelles ou morales.<\/p>\n<p>Nous, chr\u00e9tiens, vivons actuellement dans une soci\u00e9t\u00e9 et une culture d\u00e9christianis\u00e9e et s\u00e9cularis\u00e9e, contrairement \u00e0 ce que nos anc\u00eatres et certains d\u2019entre nous ont connu il n\u2019y a pas si longtemps. Malgr\u00e9 tout, je vous encourage \u00e0 poursuivre fid\u00e8lement votre t\u00e9moignage de foi et d\u2019amour de Dieu et du prochain dans ce monde s\u00e9cularis\u00e9 et souvent d\u00e9christianis\u00e9 qui nous entoure et qui fait pression sur nous de mille et une fa\u00e7ons.<\/p>\n<p>La tentative du clerg\u00e9 d&rsquo;intervenir dans les relations employeur-employ\u00e9 peut avoir des cons\u00e9quences juridiques soit pour le pr\u00eatre\/diacre, soit pour le dioc\u00e8se.<\/p>\n<p>\u00c0 cause des raisons \u00e9voqu\u00e9es plus haut, je ne vous autorise pas \u00e0 signer des lettres d\u2019exemptions aux personnes qui en feront la demande. En vos propres mots, exprimez-leur les raisons que j\u2019expose dans cette lettre pour justifier ma d\u00e9cision. Vous pourrez aussi leur remettre le document ci-joint du Vatican qui rappellera \u00e0 leur employeur que le respect de la conscience bien form\u00e9e de tout individu doit toujours \u00eatre respect\u00e9 par quiconque. Il s\u2019agit d\u2019un droit fondamental que notre Sainte M\u00e8re l\u2019\u00c9glise a toujours promu. Bien que le document romain finisse par recommander (et non imposer) les vaccins anti-COVID, il reconnait aussi explicitement le droit de tout individu d\u2019\u00eatre respect\u00e9 dans ses choix de conscience, entre autres s\u2019il a d\u00e9cid\u00e9 de ne pas \u00eatre vaccin\u00e9. Cette approche plus mod\u00e9r\u00e9e envers ceux qui vous feront une demande d\u2019exemption pourrait finalement s\u2019av\u00e9rer plus efficace que si ces premiers pr\u00e9sentaient \u00e0 leur employeur une lettre d\u2019exemption sign\u00e9e par l\u2019\u00e9v\u00eaque ou leur pasteur.<\/p>\n<p>Merci pour l\u2019attention et la compr\u00e9hension que vous porterez \u00e0 cette missive.<\/p>\n<p>Veuillez agr\u00e9er, chers confr\u00e8res, l\u2019expression de v\u0153ux les meilleurs ainsi que l\u2019assurance de ma pri\u00e8re fraternelle.<\/p>\n<p><img loading=\"lazy\" decoding=\"async\" width=\"300\" height=\"73\" class=\"alignnone size-medium wp-image-3767\" src=\"https:\/\/pembrokediocese.com\/wp-content\/uploads\/Bishop-Desrochers-HandSig-300x73.png\" alt=\"\" srcset=\"https:\/\/pembrokediocese.com\/wp-content\/uploads\/Bishop-Desrochers-HandSig-300x73.png 300w, https:\/\/pembrokediocese.com\/wp-content\/uploads\/Bishop-Desrochers-HandSig.png 620w\" sizes=\"(max-width: 300px) 100vw, 300px\" \/><\/p>\n<p>+ Guy Desrochers, c.ss.r.<br \/>\n\u00c9v\u00eaque de Pembroke<\/p>\n","protected":false},"excerpt":{"rendered":"<p>Le 16 septembre 2021 Aux pr\u00eatres et aux diacres du dioc\u00e8se de Pembroke Ce seizi\u00e8me jour de septembre 2021 Chers confr\u00e8res, Ces derniers jours, on m&rsquo;a demand\u00e9 si les membres du clerg\u00e9 seraient autoris\u00e9s \u00e0 \u00e9crire une lettre demandant que des personnes soient exempt\u00e9es de l&rsquo;obligation de se faire vacciner pour leur emploi ou d&rsquo;autres activit\u00e9s. Apr\u00e8s avoir beaucoup pri\u00e9 et r\u00e9fl\u00e9chi sur la question et apr\u00e8s avoir consult\u00e9 mes aviseurs, j&rsquo;ai d\u00e9cid\u00e9 de ne pas signer de lettres demandant des exemptions. Ma raison principale \u00e9tant que depuis les r\u00e9centes lois gouvernementales &#8211; et du Qu\u00e9bec et de l\u2019Ontario \u2013 qui obligent toute personne \u00e0 pr\u00e9senter un passeport vaccinal dans certains lieux publics et qui autorisent tout employeur qui le d\u00e9sire \u00e0 imposer les vaccins anti-COVID \u00e0 leurs employ\u00e9s, les seules exemptions qui seront accord\u00e9es aux non-vaccin\u00e9s devront provenir de m\u00e9decins et non de personnages religieux ou autres. Ces m\u00e9decins seront \u00e9galement tenus de respecter les crit\u00e8res stricts d\u2019exemption des autorit\u00e9s sanitaires. Par cons\u00e9quent, une demande d\u2019exemption sign\u00e9e par un \u00e9v\u00eaque ou un pasteur n\u2019aura pratiquement aucun effet, voire cr\u00e9dibilit\u00e9 aux yeux des autorit\u00e9s sanitaires, d\u2019employeurs qui ont d\u00e9cid\u00e9 de forcer leurs employ\u00e9s \u00e0 se faire vacciner, ou de propri\u00e9taires de commerce qui doivent maintenant refuser toute personne qui ne poss\u00e8de pas de passeport vaccinal (ou d\u2019exemption attest\u00e9e par son m\u00e9decin). Je serai toujours un d\u00e9fenseur ardent du respect des droits de la personne et des choix qu\u2019un individu fait apr\u00e8s avoir soigneusement form\u00e9 sa conscience, comme l\u2019a toujours enseign\u00e9e l\u2019\u00c9glise catholique depuis ses origines. C\u2019est pourquoi j\u2019invite toute personne, sp\u00e9cialement les chr\u00e9tiens, \u00e0 respecter la conscience des autres, tant celle de ceux qui ont d\u00e9cid\u00e9 de se faire vacciner, que celle de ceux qui ont opt\u00e9 pour ne pas l\u2019\u00eatre pour des raisons personnelles ou morales. Nous, chr\u00e9tiens, vivons actuellement dans une soci\u00e9t\u00e9 et une culture d\u00e9christianis\u00e9e et s\u00e9cularis\u00e9e, contrairement \u00e0 ce que nos anc\u00eatres et certains d\u2019entre nous ont connu il n\u2019y a pas si longtemps. Malgr\u00e9 tout, je vous encourage \u00e0 poursuivre fid\u00e8lement votre t\u00e9moignage de foi et d\u2019amour de Dieu et du prochain dans ce monde s\u00e9cularis\u00e9 et souvent d\u00e9christianis\u00e9 qui nous entoure et qui fait pression sur nous de mille et une fa\u00e7ons. La tentative du clerg\u00e9 d&rsquo;intervenir dans les relations employeur-employ\u00e9 peut avoir des cons\u00e9quences juridiques soit pour le pr\u00eatre\/diacre, soit pour le dioc\u00e8se. \u00c0 cause des raisons \u00e9voqu\u00e9es plus haut, je ne vous autorise pas \u00e0 signer des lettres d\u2019exemptions aux personnes qui en feront la demande. En vos propres mots, exprimez-leur les raisons que j\u2019expose dans cette lettre pour justifier ma d\u00e9cision. Vous pourrez aussi leur remettre le document ci-joint du Vatican qui rappellera \u00e0 leur employeur que le respect de la conscience bien form\u00e9e de tout individu doit toujours \u00eatre respect\u00e9 par quiconque. Il s\u2019agit d\u2019un droit fondamental que notre Sainte M\u00e8re l\u2019\u00c9glise a toujours promu. Bien que le document romain finisse par recommander (et non imposer) les vaccins anti-COVID, il reconnait aussi explicitement le droit de tout individu d\u2019\u00eatre respect\u00e9 dans ses choix de conscience, entre autres s\u2019il a d\u00e9cid\u00e9 de ne pas \u00eatre vaccin\u00e9. Cette approche plus mod\u00e9r\u00e9e envers [&hellip;]<\/p>\n","protected":false},"author":1,"featured_media":3886,"comment_status":"closed","ping_status":"closed","sticky":false,"template":"","format":"standard","meta":{"_monsterinsights_skip_tracking":false,"_monsterinsights_sitenote_active":false,"_monsterinsights_sitenote_note":"","_monsterinsights_sitenote_category":0,"footnotes":"","_links_to":"","_links_to_target":""},"categories":[162,84],"tags":[],"class_list":["post-7661","post","type-post","status-publish","format-standard","has-post-thumbnail","hentry","category-message-de-leveque","category-article"],"post_mailing_queue_ids":[],"_links":{"self":[{"href":"https:\/\/pembrokediocese.com\/fr\/wp-json\/wp\/v2\/posts\/7661","targetHints":{"allow":["GET"]}}],"collection":[{"href":"https:\/\/pembrokediocese.com\/fr\/wp-json\/wp\/v2\/posts"}],"about":[{"href":"https:\/\/pembrokediocese.com\/fr\/wp-json\/wp\/v2\/types\/post"}],"author":[{"embeddable":true,"href":"https:\/\/pembrokediocese.com\/fr\/wp-json\/wp\/v2\/users\/1"}],"replies":[{"embeddable":true,"href":"https:\/\/pembrokediocese.com\/fr\/wp-json\/wp\/v2\/comments?post=7661"}],"version-history":[{"count":0,"href":"https:\/\/pembrokediocese.com\/fr\/wp-json\/wp\/v2\/posts\/7661\/revisions"}],"wp:featuredmedia":[{"embeddable":true,"href":"https:\/\/pembrokediocese.com\/fr\/wp-json\/wp\/v2\/media\/3886"}],"wp:attachment":[{"href":"https:\/\/pembrokediocese.com\/fr\/wp-json\/wp\/v2\/media?parent=7661"}],"wp:term":[{"taxonomy":"category","embeddable":true,"href":"https:\/\/pembrokediocese.com\/fr\/wp-json\/wp\/v2\/categories?post=7661"},{"taxonomy":"post_tag","embeddable":true,"href":"https:\/\/pembrokediocese.com\/fr\/wp-json\/wp\/v2\/tags?post=7661"}],"curies":[{"name":"wp","href":"https:\/\/api.w.org\/{rel}","templated":true}]}}