{"id":7823,"date":"2021-10-19T13:19:31","date_gmt":"2021-10-19T17:19:31","guid":{"rendered":"https:\/\/pembrokediocese.com\/article\/demandes-de-lettre-dexemption-copy\/"},"modified":"2021-11-15T15:33:53","modified_gmt":"2021-11-15T20:33:53","slug":"verite-et-reconciliation","status":"publish","type":"post","link":"https:\/\/pembrokediocese.com\/fr\/article\/verite-et-reconciliation\/","title":{"rendered":"V\u00e9rit\u00e9 et r\u00e9conciliation"},"content":{"rendered":"<p>La nouvelle de la d\u00e9couverte, ce printemps, de tombes non marqu\u00e9es au pensionnat indien de Kamloops, en Colombie-Britannique, a secou\u00e9 notre conscience catholique qui s&rsquo;est trouv\u00e9e aux prises avec une r\u00e9alit\u00e9 canadienne et une question de fait concernant l&rsquo;histoire de notre \u00c9glise. Cette question a \u00e9t\u00e9 v\u00e9cue de diverses fa\u00e7ons dans notre dioc\u00e8se.<\/p>\n<p>Mgr Desrochers a demand\u00e9 l&rsquo;avis de quelques-unes des nombreuses personnes qui ont un int\u00e9r\u00eat direct dans les pr\u00e9occupations des peuples autochtones. Des repr\u00e9sentants de nos commissions scolaires francophones et anglophones locales ainsi que des personnes de la communaut\u00e9 locale de la sant\u00e9 mentale se sont r\u00e9unis. Nous examinons comment le dioc\u00e8se de Pembroke peut favoriser un avenir positif qui tient compte d&rsquo;un pass\u00e9 douloureux et regrettable.<\/p>\n<p>Notre premi\u00e8re discussion a permis de conclure que tout ce que nous ferons \u00e0 l&rsquo;avenir, nous le ferons ensemble et non chacun-e de son c\u00f4t\u00e9. La pr\u00e9sence de membres des Premi\u00e8res nations \u00e0 la table avec nous est essentielle \u00e0 toute r\u00e9ponse \u00e0 la question qui nous occupe.<\/p>\n<p>Et donc, deux objectifs sont devenus notre priorit\u00e9 :<\/p>\n<p>L&rsquo;invitation et, esp\u00e9rons-le, bient\u00f4t l&rsquo;accueil de personnes qui apporteront \u00e0 notre table la pr\u00e9cieuse exp\u00e9rience v\u00e9cue de la culture et de la spiritualit\u00e9 autochtones.<\/p>\n<p>Deuxi\u00e8mement, nous explorons les moyens de nous \u00e9duquer et d&rsquo;\u00e9duquer les autres sur la profondeur et l&rsquo;\u00e9tendue de notre histoire et ses implications pour les personnes des Premi\u00e8res Nations et pour nous-m\u00eames.<\/p>\n<p>Mgr Desrochers nous a invit\u00e9s \u00e0 vous tenir inform\u00e9s par le biais du Bulletin hebdomadaire dioc\u00e9sain, et nous vous invitons \u00e0 communiquer avec nous par l&rsquo;interm\u00e9diaire du personnel de la chancellerie ou du p\u00e8re Peter Proulx au <a href=\"mailto:petergproulx@outlook.com\">courriel suivant<\/a>.<\/p>\n","protected":false},"excerpt":{"rendered":"<p>La nouvelle de la d\u00e9couverte, ce printemps, de tombes non marqu\u00e9es au pensionnat indien de Kamloops, en Colombie-Britannique, a secou\u00e9 notre conscience catholique qui s&rsquo;est trouv\u00e9e aux prises avec une r\u00e9alit\u00e9 canadienne et une question de fait concernant l&rsquo;histoire de notre \u00c9glise. Cette question a \u00e9t\u00e9 v\u00e9cue de diverses fa\u00e7ons dans notre dioc\u00e8se. Mgr Desrochers a demand\u00e9 l&rsquo;avis de quelques-unes des nombreuses personnes qui ont un int\u00e9r\u00eat direct dans les pr\u00e9occupations des peuples autochtones. Des repr\u00e9sentants de nos commissions scolaires francophones et anglophones locales ainsi que des personnes de la communaut\u00e9 locale de la sant\u00e9 mentale se sont r\u00e9unis. Nous examinons comment le dioc\u00e8se de Pembroke peut favoriser un avenir positif qui tient compte d&rsquo;un pass\u00e9 douloureux et regrettable. Notre premi\u00e8re discussion a permis de conclure que tout ce que nous ferons \u00e0 l&rsquo;avenir, nous le ferons ensemble et non chacun-e de son c\u00f4t\u00e9. La pr\u00e9sence de membres des Premi\u00e8res nations \u00e0 la table avec nous est essentielle \u00e0 toute r\u00e9ponse \u00e0 la question qui nous occupe. Et donc, deux objectifs sont devenus notre priorit\u00e9 : L&rsquo;invitation et, esp\u00e9rons-le, bient\u00f4t l&rsquo;accueil de personnes qui apporteront \u00e0 notre table la pr\u00e9cieuse exp\u00e9rience v\u00e9cue de la culture et de la spiritualit\u00e9 autochtones. Deuxi\u00e8mement, nous explorons les moyens de nous \u00e9duquer et d&rsquo;\u00e9duquer les autres sur la profondeur et l&rsquo;\u00e9tendue de notre histoire et ses implications pour les personnes des Premi\u00e8res Nations et pour nous-m\u00eames. Mgr Desrochers nous a invit\u00e9s \u00e0 vous tenir inform\u00e9s par le biais du Bulletin hebdomadaire dioc\u00e9sain, et nous vous invitons \u00e0 communiquer avec nous par l&rsquo;interm\u00e9diaire du personnel de la chancellerie ou du p\u00e8re Peter Proulx au courriel suivant.<\/p>\n","protected":false},"author":1,"featured_media":7261,"comment_status":"closed","ping_status":"closed","sticky":false,"template":"","format":"standard","meta":{"_monsterinsights_skip_tracking":false,"_monsterinsights_sitenote_active":false,"_monsterinsights_sitenote_note":"","_monsterinsights_sitenote_category":0,"footnotes":"","_links_to":"","_links_to_target":""},"categories":[162,84],"tags":[],"class_list":["post-7823","post","type-post","status-publish","format-standard","has-post-thumbnail","hentry","category-message-de-leveque","category-article"],"post_mailing_queue_ids":[],"_links":{"self":[{"href":"https:\/\/pembrokediocese.com\/fr\/wp-json\/wp\/v2\/posts\/7823","targetHints":{"allow":["GET"]}}],"collection":[{"href":"https:\/\/pembrokediocese.com\/fr\/wp-json\/wp\/v2\/posts"}],"about":[{"href":"https:\/\/pembrokediocese.com\/fr\/wp-json\/wp\/v2\/types\/post"}],"author":[{"embeddable":true,"href":"https:\/\/pembrokediocese.com\/fr\/wp-json\/wp\/v2\/users\/1"}],"replies":[{"embeddable":true,"href":"https:\/\/pembrokediocese.com\/fr\/wp-json\/wp\/v2\/comments?post=7823"}],"version-history":[{"count":0,"href":"https:\/\/pembrokediocese.com\/fr\/wp-json\/wp\/v2\/posts\/7823\/revisions"}],"wp:featuredmedia":[{"embeddable":true,"href":"https:\/\/pembrokediocese.com\/fr\/wp-json\/wp\/v2\/media\/7261"}],"wp:attachment":[{"href":"https:\/\/pembrokediocese.com\/fr\/wp-json\/wp\/v2\/media?parent=7823"}],"wp:term":[{"taxonomy":"category","embeddable":true,"href":"https:\/\/pembrokediocese.com\/fr\/wp-json\/wp\/v2\/categories?post=7823"},{"taxonomy":"post_tag","embeddable":true,"href":"https:\/\/pembrokediocese.com\/fr\/wp-json\/wp\/v2\/tags?post=7823"}],"curies":[{"name":"wp","href":"https:\/\/api.w.org\/{rel}","templated":true}]}}