{"id":7830,"date":"2021-10-19T13:54:16","date_gmt":"2021-10-19T17:54:16","guid":{"rendered":"https:\/\/pembrokediocese.com\/bulletin\/12-octobre-2021-copy\/"},"modified":"2021-10-19T14:03:45","modified_gmt":"2021-10-19T18:03:45","slug":"19-octobre-2021","status":"publish","type":"post","link":"https:\/\/pembrokediocese.com\/fr\/bulletin\/19-octobre-2021\/","title":{"rendered":"BULLETIN HEBDOMADAIRE  &#8211; le 19 octobre 2021  (F\u00e9rie)"},"content":{"rendered":"<h3><strong><em>Heureux les serviteurs que le ma\u00eetre, \u00e0 son arriv\u00e9e, trouvera en train de veiller.<\/em><\/strong><\/h3>\n<p>(Luc 12, 35-38)<\/p>\n<hr \/>\n<h2><strong>MESSAGE DE L&rsquo;\u00c9V<\/strong><strong>\u00ca<\/strong><strong>QUE<\/strong><\/h2>\n<h3><strong>Ouverture officielle du synode dioc\u00e9sain<\/strong><\/h3>\n<p><strong>Chers fr\u00e8res et s\u0153urs,<\/strong><\/p>\n<p>Toutes les \u00c9glises dioc\u00e9saines du monde viennent d\u2019entrer dans un grand processus appel\u00e9 \u00ab\u00a0synode\u00a0\u00bb depuis la fin de semaine derni\u00e8re. Le pape Fran\u00e7ois, quant \u00e0 lui, a proc\u00e9d\u00e9 au lancement officiel de cette d\u00e9marche synodale de l\u2019\u00c9glise catholique les samedi et dimanche 9 et 10 octobre 2021 en la basilique St-Pierre de Rome. Il invite tous les fid\u00e8les, hommes et femmes, religieux et religieuses et membres du clerg\u00e9 \u00e0 embarquer dans ce vaste mouvement de consultation qui atteindra son apog\u00e9e dans deux ans. <a href=\"https:\/\/pembrokediocese.com\/fr\/article\/ouverture-officielle-du-synode-diocesain\/\">(Lire la suite\u2026)<\/a><\/p>\n<h3><strong>\u00a0Demandes de lettre d\u2019exemption<\/strong><\/h3>\n<p>Veuillez lire la lettre de Mgr Guy Desrochers du 16 septembre 2021 aux pr\u00eatres et aux diacres du dioc\u00e8se de Pembroke <a href=\"https:\/\/pembrokediocese.com\/fr\/lettres-pastorale\/demandes-de-lettre-dexemption\/\">ici.<\/a><\/p>\n<h3><strong>D\u00e9claration concernant les vaccins anti-COVID et les mandats de vaccination<\/strong><\/h3>\n<p>Veuillez lire la d\u00e9claration de l&rsquo;\u00e9v\u00eaque Guy Desrochers <a href=\"https:\/\/pembrokediocese.com\/fr\/article\/declaration-concernant-les-vaccins-anti-covid-et-les-mandats-de-vaccination\/\">ici.<\/a><\/p>\n<hr \/>\n<h2><strong>DU DIOC\u00c8SE<\/strong><\/h2>\n<h3><strong>Nous d\u00e9m\u00e9nageons !<\/strong><\/h3>\n<p>Veuillez noter qu&rsquo;en raison de r\u00e9novations, la chancellerie et les bureaux de l&rsquo;\u00e9v\u00eaque d\u00e9m\u00e9nageront temporairement au 545, rue Pembroke Ouest, Pembroke, provisoirement le lundi 25 octobre. Toute correspondance peut encore \u00eatre envoy\u00e9e \u00e0 C.P. 7, Pembroke, ON, K8A 6X1.<\/p>\n<h3><strong>Pri\u00e8res<\/strong><\/h3>\n<p>Veuillez prier pour le repos de l&rsquo;\u00e2me de S\u0153ur Mary Rice, CSJ (S\u0153ur Honora), qui est d\u00e9c\u00e9d\u00e9e de fa\u00e7on soudaine et inattendue le 12 octobre \u00e0 Mount St. Joseph, Peterborough, dans la 78<sup>e<\/sup> ann\u00e9e de sa vie religieuse.<\/p>\n<hr \/>\n<h2><strong>L&rsquo;\u00c9QUIPE D&rsquo;\u00c9VANG\u00c9LISATION<\/strong><\/h2>\n<h3><strong>Les tactiques de Satan (1<sup>\u00e8re<\/sup> partie)<\/strong><\/h3>\n<p><em>Par Pierre-Alain Giffard, directeur de la pastorale dioc\u00e9saine<\/em><\/p>\n<p>Les \u00c9critures nous rappellent que la bataille spirituelle entre le bien et le mal est r\u00e9elle : \u00ab\u00a0Car notre combat n\u2019est pas contre la chair et le sang, mais contre les dominations, contre les autorit\u00e9s, contre les pouvoirs de ce monde de t\u00e9n\u00e8bres et contre les forces spirituelles du mal dans les royaumes c\u00e9lestes\u00a0\u00bb (\u00c9ph 6:12). Nous sommes des enfants de la Lumi\u00e8re, nous appartenons au Christ et c\u2019est pourquoi les T\u00e9n\u00e8bres travaillent contre nous. Et lorsque nous \u00e9vang\u00e9lisons, cette lutte peut s\u2019intensifier car Satan ne veut pas surtout pas que des gens trouvent le Salut. Il r\u00f4de autour de nous comme un lion rugissant, dit Saint Pierre, cherchant qui il d\u00e9vorera (1 P 5:8) et il utilise diverses tactiques pour nous faire tomber et nous faire \u00e9chouer. <a href=\"https:\/\/pembrokediocese.com\/fr\/textes-a-lire\/les-tactiques-de-satan-1ere-partie\/\">(Lire la suite\u2026)<\/a><\/p>\n<h3><strong>Vous \u00eates invit\u00e9s (activit\u00e9 en anglais)<\/strong><\/h3>\n<p>L&rsquo;\u00e9quipe d&rsquo;\u00e9vang\u00e9lisation commence un groupe de pri\u00e8re <u>en ligne<\/u> afin d&rsquo;interc\u00e9der pour le projet dioc\u00e9sain d&rsquo;\u00e9vang\u00e9lisation, pour les membres de l&rsquo;\u00e9quipe et pour tous ceux que Dieu veut que nous rejoignions. Nous esp\u00e9rons que vous pourrez vous joindre \u00e0 nous les mercredis soir \u00e0 19h30. Nous prierons le chapelet, parfois une neuvaine, ou m\u00e9diterons sur un passage de l&rsquo;\u00c9vangile. Pensez \u00e0 marquer votre calendrier. Pour vous brancher, cliquer sur le lien suivant\u00a0: <a href=\"https:\/\/us02web.zoom.us\/j\/84010154174\">https:\/\/us02web.zoom.us\/j\/84010154174<\/a>.<\/p>\n<hr \/>\n<h2><strong>DE LA CECC<\/strong><\/h2>\n<h3><strong>Suggestions d\u2019hom\u00e9lies et de pri\u00e8res des fid\u00e8les pour la vie et la famille pendant le mois d\u2019octobre 2021<\/strong><\/h3>\n<p>Alors que les restrictions de la pand\u00e9mie de coronavirus continuent de s\u2019assouplir \u00e0 travers le pays et que les \u00e9glises accueillent progressivement les paroissiens et paroissiennes en personne, la liturgie dominicale continue de nourrir la pri\u00e8re et la r\u00e9flexion pendant toute la semaine \u2013 que nous m\u00e9ditions sur les lectures ou prions avec nos familles ou participions \u00e0 la messe au sein de nos communaut\u00e9s de foi.<\/p>\n<p>La Conf\u00e9rence des \u00e9v\u00eaques catholiques du Canada (CECC) poursuit la publication des suggestions de pistes d\u2019hom\u00e9lies et de pri\u00e8res des fid\u00e8les pour faire le lien entre la liturgie du dimanche et l\u2019initiative pastorale pour la vie et la famille. Les textes propos\u00e9s pour le mois d\u2019octobre 2021 contiennent des suggestions pour la p\u00e9riode allant du 27<sup>e<\/sup>\u00a0dimanche du Temps Ordinaire, le 3 octobre, jusqu\u2019au 31<sup>e<\/sup>\u00a0dimanche du Temps Ordinaire, le 31 octobre 2021. Comme \u00e0 l\u2019habitude, les suggestions d\u2019hom\u00e9lies et de pri\u00e8res peuvent facilement \u00eatre adapt\u00e9es pour la pri\u00e8re en famille, de m\u00eame que pour la pri\u00e8re personnelle ou pour les besoins d\u2019autres groupes ou organismes. Les textes pour le mois d\u2019octobre sont accessibles sur la page web sp\u00e9ciale pour la vie et la famille, sous la section \u00ab\u00a0<a href=\"https:\/\/www.cccb.ca\/fr\/foi-et-questions-morales\/famille-et-vie\/suggestions-dhomelies-et-de-prieres-des-fideles\/\"><strong>Suggestions d\u2019hom\u00e9lies et de pri\u00e8res des fid\u00e8les\u00a0<\/strong><\/a>\u00bb.<strong>\u00a0<\/strong><\/p>\n<hr \/>\n<h2><strong>L&rsquo;\u00c9DUCATION DE LA FOI<\/strong><\/h2>\n<h3><strong>Rappel urgent ! Inscriptions \u00e0 la journ\u00e9e de formation pour les cat\u00e9ch\u00e8tes<\/strong><\/h3>\n<p>Une journ\u00e9e de formation pour les cat\u00e9ch\u00e8tes des paroisses francophones ou bilingues du dioc\u00e8se aura lieu le <strong>30 octobre 2021 <\/strong>de 9h30 \u00e0 14h \u00e0 la paroisse Saint-Pierre, Fort-Coulonge. Nos invit\u00e9s sp\u00e9ciaux seront Mgr Guy Desrochers et Pierre-Alain Giffard, le directeur de la pastorale dioc\u00e9saine. Le d\u00eener et les rafra\u00eechissements sont inclus. Merci de nous informer si vous avez des allergies alimentaires. Il n&rsquo;y a pas de frais d&rsquo;inscription, mais l&rsquo;inscription est n\u00e9cessaire. Nous recommandons une participation <strong>en personne, <\/strong>mais si ce n\u2019est pas possible, le lien Zoom pour participer en ligne est <a href=\"https:\/\/www.google.com\/url?q=https:\/\/us02web.zoom.us\/j\/84226574298&amp;sa=D&amp;source=calendar&amp;usd=2&amp;usg=AOvVaw08ntqn8gSkOY6fITLG4rbo\">https:\/\/us02web.zoom.us\/j\/84226574298<\/a>. Pour vous inscrire, contactez le diacre Adrien Chaput <strong>avant jeudi le 28 octobre 2021<\/strong> par t\u00e9l\u00e9phone\u00a0: 613 732-7933 poste 206, ou par courriel\u00a0: <a href=\"mailto:dcadrienchaput@pembrokediocese.com\">dcadrienchaput@pembrokediocese.com<\/a>.<\/p>\n<hr \/>\n<h2><strong>\u00c9V\u00c9NEMENTS PAROISSIAUX<\/strong><\/h2>\n<h3><strong>Sainte Messe<\/strong><\/h3>\n<p>La Sainte Messe selon le Missel romain de 1962 est offerte \u00e0 la Cath\u00e9drale St Columbkille le premier samedi de chaque mois \u00e0 9 h. Il s&rsquo;agit essentiellement de la m\u00eame forme de la liturgie qui a nourri la foi de nombreux catholiques pendant des si\u00e8cles. \u00a0Des traductions en anglais de l&rsquo;ensemble de la messe sont fournies. <strong>Prochaine messe \u2013 6 novembre 2021.<\/strong><\/p>\n<hr \/>\n<h2><strong>AUTRES \u00c9V\u00c9NEMENTS CATHOLIQUES<\/strong><\/h2>\n<h3><strong>Conf\u00e9rence en ligne<\/strong><\/h3>\n<p>La prochaine conf\u00e9rence sur <strong>\u00ab\u00a0Vie spirituelle et discernement\u00a0\u00bb <\/strong>sera donn\u00e9e <strong>le mardi 19 octobre 2021 \u00e0 19h30 <\/strong>par s\u0153ur Catherine Aubin, op, professeur de th\u00e9ologie au Coll\u00e8ge Universitaire Dominicain (campus d&rsquo;Ottawa et de Montr\u00e9al). Inscriptions gratuites sur <a href=\"mailto:cdevs@udominicaine.ca\">cdevs@udominicaine.ca<\/a>. Un lien Zoom vous sera envoy\u00e9 apr\u00e8s l\u2019inscription.<\/p>\n","protected":false},"excerpt":{"rendered":"<p>Heureux les serviteurs que le ma\u00eetre, \u00e0 son arriv\u00e9e, trouvera en train de veiller. (Luc 12, 35-38) MESSAGE DE L&rsquo;\u00c9V\u00caQUE Ouverture officielle du synode dioc\u00e9sain Chers fr\u00e8res et s\u0153urs, Toutes les \u00c9glises dioc\u00e9saines du monde viennent d\u2019entrer dans un grand processus appel\u00e9 \u00ab\u00a0synode\u00a0\u00bb depuis la fin de semaine derni\u00e8re. Le pape Fran\u00e7ois, quant \u00e0 lui, a proc\u00e9d\u00e9 au lancement officiel de cette d\u00e9marche synodale de l\u2019\u00c9glise catholique les samedi et dimanche 9 et 10 octobre 2021 en la basilique St-Pierre de Rome. Il invite tous les fid\u00e8les, hommes et femmes, religieux et religieuses et membres du clerg\u00e9 \u00e0 embarquer dans ce vaste mouvement de consultation qui atteindra son apog\u00e9e dans deux ans. (Lire la suite\u2026) \u00a0Demandes de lettre d\u2019exemption Veuillez lire la lettre de Mgr Guy Desrochers du 16 septembre 2021 aux pr\u00eatres et aux diacres du dioc\u00e8se de Pembroke ici. D\u00e9claration concernant les vaccins anti-COVID et les mandats de vaccination Veuillez lire la d\u00e9claration de l&rsquo;\u00e9v\u00eaque Guy Desrochers ici. DU DIOC\u00c8SE Nous d\u00e9m\u00e9nageons ! Veuillez noter qu&rsquo;en raison de r\u00e9novations, la chancellerie et les bureaux de l&rsquo;\u00e9v\u00eaque d\u00e9m\u00e9nageront temporairement au 545, rue Pembroke Ouest, Pembroke, provisoirement le lundi 25 octobre. Toute correspondance peut encore \u00eatre envoy\u00e9e \u00e0 C.P. 7, Pembroke, ON, K8A 6X1. Pri\u00e8res Veuillez prier pour le repos de l&rsquo;\u00e2me de S\u0153ur Mary Rice, CSJ (S\u0153ur Honora), qui est d\u00e9c\u00e9d\u00e9e de fa\u00e7on soudaine et inattendue le 12 octobre \u00e0 Mount St. Joseph, Peterborough, dans la 78e ann\u00e9e de sa vie religieuse. L&rsquo;\u00c9QUIPE D&rsquo;\u00c9VANG\u00c9LISATION Les tactiques de Satan (1\u00e8re partie) Par Pierre-Alain Giffard, directeur de la pastorale dioc\u00e9saine Les \u00c9critures nous rappellent que la bataille spirituelle entre le bien et le mal est r\u00e9elle : \u00ab\u00a0Car notre combat n\u2019est pas contre la chair et le sang, mais contre les dominations, contre les autorit\u00e9s, contre les pouvoirs de ce monde de t\u00e9n\u00e8bres et contre les forces spirituelles du mal dans les royaumes c\u00e9lestes\u00a0\u00bb (\u00c9ph 6:12). Nous sommes des enfants de la Lumi\u00e8re, nous appartenons au Christ et c\u2019est pourquoi les T\u00e9n\u00e8bres travaillent contre nous. Et lorsque nous \u00e9vang\u00e9lisons, cette lutte peut s\u2019intensifier car Satan ne veut pas surtout pas que des gens trouvent le Salut. Il r\u00f4de autour de nous comme un lion rugissant, dit Saint Pierre, cherchant qui il d\u00e9vorera (1 P 5:8) et il utilise diverses tactiques pour nous faire tomber et nous faire \u00e9chouer. (Lire la suite\u2026) Vous \u00eates invit\u00e9s (activit\u00e9 en anglais) L&rsquo;\u00e9quipe d&rsquo;\u00e9vang\u00e9lisation commence un groupe de pri\u00e8re en ligne afin d&rsquo;interc\u00e9der pour le projet dioc\u00e9sain d&rsquo;\u00e9vang\u00e9lisation, pour les membres de l&rsquo;\u00e9quipe et pour tous ceux que Dieu veut que nous rejoignions. Nous esp\u00e9rons que vous pourrez vous joindre \u00e0 nous les mercredis soir \u00e0 19h30. Nous prierons le chapelet, parfois une neuvaine, ou m\u00e9diterons sur un passage de l&rsquo;\u00c9vangile. Pensez \u00e0 marquer votre calendrier. Pour vous brancher, cliquer sur le lien suivant\u00a0: https:\/\/us02web.zoom.us\/j\/84010154174. DE LA CECC Suggestions d\u2019hom\u00e9lies et de pri\u00e8res des fid\u00e8les pour la vie et la famille pendant le mois d\u2019octobre 2021 Alors que les restrictions de la pand\u00e9mie de coronavirus continuent de s\u2019assouplir \u00e0 travers le pays et que les \u00e9glises accueillent progressivement les paroissiens et paroissiennes en personne, la liturgie [&hellip;]<\/p>\n","protected":false},"author":1,"featured_media":3815,"comment_status":"closed","ping_status":"closed","sticky":false,"template":"","format":"standard","meta":{"_monsterinsights_skip_tracking":false,"_monsterinsights_sitenote_active":false,"_monsterinsights_sitenote_note":"","_monsterinsights_sitenote_category":0,"footnotes":"","_links_to":"","_links_to_target":""},"categories":[114],"tags":[],"class_list":["post-7830","post","type-post","status-publish","format-standard","has-post-thumbnail","hentry","category-bulletin"],"post_mailing_queue_ids":[],"_links":{"self":[{"href":"https:\/\/pembrokediocese.com\/fr\/wp-json\/wp\/v2\/posts\/7830","targetHints":{"allow":["GET"]}}],"collection":[{"href":"https:\/\/pembrokediocese.com\/fr\/wp-json\/wp\/v2\/posts"}],"about":[{"href":"https:\/\/pembrokediocese.com\/fr\/wp-json\/wp\/v2\/types\/post"}],"author":[{"embeddable":true,"href":"https:\/\/pembrokediocese.com\/fr\/wp-json\/wp\/v2\/users\/1"}],"replies":[{"embeddable":true,"href":"https:\/\/pembrokediocese.com\/fr\/wp-json\/wp\/v2\/comments?post=7830"}],"version-history":[{"count":0,"href":"https:\/\/pembrokediocese.com\/fr\/wp-json\/wp\/v2\/posts\/7830\/revisions"}],"wp:featuredmedia":[{"embeddable":true,"href":"https:\/\/pembrokediocese.com\/fr\/wp-json\/wp\/v2\/media\/3815"}],"wp:attachment":[{"href":"https:\/\/pembrokediocese.com\/fr\/wp-json\/wp\/v2\/media?parent=7830"}],"wp:term":[{"taxonomy":"category","embeddable":true,"href":"https:\/\/pembrokediocese.com\/fr\/wp-json\/wp\/v2\/categories?post=7830"},{"taxonomy":"post_tag","embeddable":true,"href":"https:\/\/pembrokediocese.com\/fr\/wp-json\/wp\/v2\/tags?post=7830"}],"curies":[{"name":"wp","href":"https:\/\/api.w.org\/{rel}","templated":true}]}}