{"id":7878,"date":"2021-11-01T16:07:20","date_gmt":"2021-11-01T20:07:20","guid":{"rendered":"https:\/\/pembrokediocese.com\/bulletin\/19-octobre-2021-copy\/"},"modified":"2021-11-01T16:15:05","modified_gmt":"2021-11-01T20:15:05","slug":"2-novembre-2021","status":"publish","type":"post","link":"https:\/\/pembrokediocese.com\/fr\/bulletin\/2-novembre-2021\/","title":{"rendered":"BULLETIN HEBDOMADAIRE  &#8211; le 2 novembre 2021  (Comm\u00e9moration de tous les fid\u00e8les d\u00e9funts)"},"content":{"rendered":"<h3><strong><em>Tenez-vous pr\u00eats !<\/em><\/strong><\/h3>\n<p>(Luc 12, 35-40)<\/p>\n<hr \/>\n<h2><strong>MESSAGE DE L&rsquo;\u00c9V<\/strong><strong>\u00ca<\/strong><strong>QUE<\/strong><\/h2>\n<h3><strong>Ouverture officielle du synode dioc\u00e9sain<\/strong><\/h3>\n<p><strong>Chers fr\u00e8res et s\u0153urs,<\/strong><\/p>\n<p>Toutes les \u00c9glises dioc\u00e9saines du monde viennent d\u2019entrer dans un grand processus appel\u00e9 \u00ab\u00a0synode\u00a0\u00bb depuis la fin de semaine derni\u00e8re. Le pape Fran\u00e7ois, quant \u00e0 lui, a proc\u00e9d\u00e9 au lancement officiel de cette d\u00e9marche synodale de l\u2019\u00c9glise catholique les samedi et dimanche 9 et 10 octobre 2021 en la basilique St-Pierre de Rome. Il invite tous les fid\u00e8les, hommes et femmes, religieux et religieuses et membres du clerg\u00e9 \u00e0 embarquer dans ce vaste mouvement de consultation qui atteindra son apog\u00e9e dans deux ans. <a href=\"https:\/\/pembrokediocese.com\/fr\/article\/ouverture-officielle-du-synode-diocesain\/\">(Lire la suite\u2026)<\/a><\/p>\n<h3><strong>Demandes de lettre d\u2019exemption<\/strong><\/h3>\n<p>Veuillez lire la lettre de Mgr Guy Desrochers du 16 septembre 2021 aux pr\u00eatres et aux diacres du dioc\u00e8se de Pembroke <a href=\"https:\/\/pembrokediocese.com\/fr\/lettres-pastorale\/demandes-de-lettre-dexemption\/\">ici.<\/a><\/p>\n<h3><strong>D\u00e9claration concernant les vaccins anti-COVID et les mandats de vaccination<\/strong><\/h3>\n<p>Veuillez lire la d\u00e9claration de l&rsquo;\u00e9v\u00eaque Guy Desrochers <a href=\"https:\/\/pembrokediocese.com\/fr\/article\/declaration-concernant-les-vaccins-anti-covid-et-les-mandats-de-vaccination\/\">ici.<\/a><\/p>\n<hr \/>\n<h2><strong>DU DIOC\u00c8SE<\/strong><\/h2>\n<h3><strong>Nous avons d\u00e9m\u00e9nag\u00e9 !<\/strong><\/h3>\n<p>Veuillez noter qu&rsquo;en raison de r\u00e9novations, la chancellerie et les bureaux de l&rsquo;\u00e9v\u00eaque ont temporairement d\u00e9m\u00e9nag\u00e9 au 545, rue Pembroke Ouest, Pembroke. Toute correspondance peut encore \u00eatre envoy\u00e9e \u00e0 C.P. 7, Pembroke, ON, K8A 6X1.<\/p>\n<hr \/>\n<h2><strong>L&rsquo;\u00c9QUIPE D&rsquo;\u00c9VANG\u00c9LISATION<\/strong><\/h2>\n<h3><strong>Vous \u00eates invit\u00e9s (activit\u00e9 en anglais)<\/strong><\/h3>\n<p>L&rsquo;\u00e9quipe d&rsquo;\u00e9vang\u00e9lisation commence un groupe de pri\u00e8re <u>en ligne<\/u> afin d&rsquo;interc\u00e9der pour le projet dioc\u00e9sain d&rsquo;\u00e9vang\u00e9lisation, pour les membres de l&rsquo;\u00e9quipe et pour tous ceux que Dieu veut que nous rejoignions. Nous esp\u00e9rons que vous pourrez vous joindre \u00e0 nous les mercredis soir \u00e0 19h30. Nous prierons le chapelet, parfois une neuvaine, ou m\u00e9diterons sur un passage de l&rsquo;\u00c9vangile. Pensez \u00e0 marquer votre calendrier. Pour vous brancher, cliquer sur le lien suivant\u00a0: <a href=\"https:\/\/us02web.zoom.us\/j\/84010154174\">https:\/\/us02web.zoom.us\/j\/84010154174<\/a>.<\/p>\n<hr \/>\n<h2><strong>DE LA CECC<\/strong><\/h2>\n<h3><strong>Les \u00e9v\u00eaques canadiens accueilleront le pape Fran\u00e7ois au Canada \u00e0 l\u2019occasion d\u2019un p\u00e8lerinage historique de gu\u00e9rison et de r\u00e9conciliation \u2013 <\/strong><strong>mercredi le 27 octobre 2021<\/strong><\/h3>\n<p>Les \u00e9v\u00eaques catholiques du Canada remercient le pape Fran\u00e7ois d\u2019avoir accept\u00e9 leur invitation \u00e0 participer \u00e0 un p\u00e8lerinage de gu\u00e9rison et de r\u00e9conciliation au Canada. On peut consulter la d\u00e9claration compl\u00e8te du Saint-P\u00e8re \u00e0 ce sujet\u00a0<strong><a href=\"https:\/\/press.vatican.va\/content\/salastampa\/it\/bollettino\/pubblico\/2021\/10\/27\/0699\/01486.html\">ici<\/a><\/strong>.<\/p>\n<p>En pr\u00e9vision de cette visite, une d\u00e9l\u00e9gation de survivants, d\u2019a\u00een\u00e9s, de gardiens du savoir et de jeunes autochtones se rendra au Saint-Si\u00e8ge, o\u00f9 elle aura l\u2019occasion de s\u2019entretenir avec le pape Fran\u00e7ois sur le calendrier, l\u2019orientation et les th\u00e8mes du futur p\u00e8lerinage au Canada. <a href=\"https:\/\/www.cccb.ca\/fr\/media-release\/les-eveques-canadiens-accueilleront-le-pape-francois-au-canada-a-loccasion-dun-pelerinage-historique-de-guerison-et-de-reconciliation\/\">(Lire la suite\u2026)<\/a><\/p>\n<hr \/>\n<h2><strong>\u00c9V\u00c9NEMENTS PAROISSIAUX<\/strong><\/h2>\n<h3><strong>Sainte Messe<\/strong><\/h3>\n<p>La Sainte Messe selon le Missel romain de 1962 est offerte \u00e0 la Cath\u00e9drale St Columbkille le premier samedi de chaque mois \u00e0 9 h. Il s&rsquo;agit essentiellement de la m\u00eame forme de la liturgie qui a nourri la foi de nombreux catholiques pendant des si\u00e8cles. \u00a0Des traductions en anglais de l&rsquo;ensemble de la messe sont fournies. <strong>Prochaine messe \u2013 6 novembre 2021.<\/strong><\/p>\n<hr \/>\n<h2><strong>AUTRES \u00c9V\u00c9NEMENTS CATHOLIQUES<\/strong><\/h2>\n<h3><strong>Nouvelle traduction fran\u00e7aise du Missel romain<\/strong><\/h3>\n<p>\u00c0 partir du dimanche 28 novembre 2021, les communaut\u00e9s francophones utiliseront une nouvelle traduction fran\u00e7aise du Missel romain. Pour nous aider \u00e0 ce changement, le P\u00e8re R\u00e9al Ouellette a enregistr\u00e9 une pr\u00e9sentation \u00e0 ce sujet que vous pouvez consulter sur sa cha\u00eene YouTube :\u00a0<a href=\"https:\/\/www.youtube.com\/watch?v=O7Y8d7YGz7A\">https:\/\/www.youtube.com\/watch?v=O7Y8d7YGz7A<\/a>.<\/p>\n","protected":false},"excerpt":{"rendered":"<p>Tenez-vous pr\u00eats ! (Luc 12, 35-40) MESSAGE DE L&rsquo;\u00c9V\u00caQUE Ouverture officielle du synode dioc\u00e9sain Chers fr\u00e8res et s\u0153urs, Toutes les \u00c9glises dioc\u00e9saines du monde viennent d\u2019entrer dans un grand processus appel\u00e9 \u00ab\u00a0synode\u00a0\u00bb depuis la fin de semaine derni\u00e8re. Le pape Fran\u00e7ois, quant \u00e0 lui, a proc\u00e9d\u00e9 au lancement officiel de cette d\u00e9marche synodale de l\u2019\u00c9glise catholique les samedi et dimanche 9 et 10 octobre 2021 en la basilique St-Pierre de Rome. Il invite tous les fid\u00e8les, hommes et femmes, religieux et religieuses et membres du clerg\u00e9 \u00e0 embarquer dans ce vaste mouvement de consultation qui atteindra son apog\u00e9e dans deux ans. (Lire la suite\u2026) Demandes de lettre d\u2019exemption Veuillez lire la lettre de Mgr Guy Desrochers du 16 septembre 2021 aux pr\u00eatres et aux diacres du dioc\u00e8se de Pembroke ici. D\u00e9claration concernant les vaccins anti-COVID et les mandats de vaccination Veuillez lire la d\u00e9claration de l&rsquo;\u00e9v\u00eaque Guy Desrochers ici. DU DIOC\u00c8SE Nous avons d\u00e9m\u00e9nag\u00e9 ! Veuillez noter qu&rsquo;en raison de r\u00e9novations, la chancellerie et les bureaux de l&rsquo;\u00e9v\u00eaque ont temporairement d\u00e9m\u00e9nag\u00e9 au 545, rue Pembroke Ouest, Pembroke. Toute correspondance peut encore \u00eatre envoy\u00e9e \u00e0 C.P. 7, Pembroke, ON, K8A 6X1. L&rsquo;\u00c9QUIPE D&rsquo;\u00c9VANG\u00c9LISATION Vous \u00eates invit\u00e9s (activit\u00e9 en anglais) L&rsquo;\u00e9quipe d&rsquo;\u00e9vang\u00e9lisation commence un groupe de pri\u00e8re en ligne afin d&rsquo;interc\u00e9der pour le projet dioc\u00e9sain d&rsquo;\u00e9vang\u00e9lisation, pour les membres de l&rsquo;\u00e9quipe et pour tous ceux que Dieu veut que nous rejoignions. Nous esp\u00e9rons que vous pourrez vous joindre \u00e0 nous les mercredis soir \u00e0 19h30. Nous prierons le chapelet, parfois une neuvaine, ou m\u00e9diterons sur un passage de l&rsquo;\u00c9vangile. Pensez \u00e0 marquer votre calendrier. Pour vous brancher, cliquer sur le lien suivant\u00a0: https:\/\/us02web.zoom.us\/j\/84010154174. DE LA CECC Les \u00e9v\u00eaques canadiens accueilleront le pape Fran\u00e7ois au Canada \u00e0 l\u2019occasion d\u2019un p\u00e8lerinage historique de gu\u00e9rison et de r\u00e9conciliation \u2013 mercredi le 27 octobre 2021 Les \u00e9v\u00eaques catholiques du Canada remercient le pape Fran\u00e7ois d\u2019avoir accept\u00e9 leur invitation \u00e0 participer \u00e0 un p\u00e8lerinage de gu\u00e9rison et de r\u00e9conciliation au Canada. On peut consulter la d\u00e9claration compl\u00e8te du Saint-P\u00e8re \u00e0 ce sujet\u00a0ici. En pr\u00e9vision de cette visite, une d\u00e9l\u00e9gation de survivants, d\u2019a\u00een\u00e9s, de gardiens du savoir et de jeunes autochtones se rendra au Saint-Si\u00e8ge, o\u00f9 elle aura l\u2019occasion de s\u2019entretenir avec le pape Fran\u00e7ois sur le calendrier, l\u2019orientation et les th\u00e8mes du futur p\u00e8lerinage au Canada. (Lire la suite\u2026) \u00c9V\u00c9NEMENTS PAROISSIAUX Sainte Messe La Sainte Messe selon le Missel romain de 1962 est offerte \u00e0 la Cath\u00e9drale St Columbkille le premier samedi de chaque mois \u00e0 9 h. Il s&rsquo;agit essentiellement de la m\u00eame forme de la liturgie qui a nourri la foi de nombreux catholiques pendant des si\u00e8cles. \u00a0Des traductions en anglais de l&rsquo;ensemble de la messe sont fournies. Prochaine messe \u2013 6 novembre 2021. AUTRES \u00c9V\u00c9NEMENTS CATHOLIQUES Nouvelle traduction fran\u00e7aise du Missel romain \u00c0 partir du dimanche 28 novembre 2021, les communaut\u00e9s francophones utiliseront une nouvelle traduction fran\u00e7aise du Missel romain. Pour nous aider \u00e0 ce changement, le P\u00e8re R\u00e9al Ouellette a enregistr\u00e9 une pr\u00e9sentation \u00e0 ce sujet que vous pouvez consulter sur sa cha\u00eene YouTube :\u00a0https:\/\/www.youtube.com\/watch?v=O7Y8d7YGz7A.<\/p>\n","protected":false},"author":1,"featured_media":3815,"comment_status":"closed","ping_status":"closed","sticky":false,"template":"","format":"standard","meta":{"_monsterinsights_skip_tracking":false,"_monsterinsights_sitenote_active":false,"_monsterinsights_sitenote_note":"","_monsterinsights_sitenote_category":0,"footnotes":"","_links_to":"","_links_to_target":""},"categories":[114],"tags":[],"class_list":["post-7878","post","type-post","status-publish","format-standard","has-post-thumbnail","hentry","category-bulletin"],"post_mailing_queue_ids":[],"_links":{"self":[{"href":"https:\/\/pembrokediocese.com\/fr\/wp-json\/wp\/v2\/posts\/7878","targetHints":{"allow":["GET"]}}],"collection":[{"href":"https:\/\/pembrokediocese.com\/fr\/wp-json\/wp\/v2\/posts"}],"about":[{"href":"https:\/\/pembrokediocese.com\/fr\/wp-json\/wp\/v2\/types\/post"}],"author":[{"embeddable":true,"href":"https:\/\/pembrokediocese.com\/fr\/wp-json\/wp\/v2\/users\/1"}],"replies":[{"embeddable":true,"href":"https:\/\/pembrokediocese.com\/fr\/wp-json\/wp\/v2\/comments?post=7878"}],"version-history":[{"count":0,"href":"https:\/\/pembrokediocese.com\/fr\/wp-json\/wp\/v2\/posts\/7878\/revisions"}],"wp:featuredmedia":[{"embeddable":true,"href":"https:\/\/pembrokediocese.com\/fr\/wp-json\/wp\/v2\/media\/3815"}],"wp:attachment":[{"href":"https:\/\/pembrokediocese.com\/fr\/wp-json\/wp\/v2\/media?parent=7878"}],"wp:term":[{"taxonomy":"category","embeddable":true,"href":"https:\/\/pembrokediocese.com\/fr\/wp-json\/wp\/v2\/categories?post=7878"},{"taxonomy":"post_tag","embeddable":true,"href":"https:\/\/pembrokediocese.com\/fr\/wp-json\/wp\/v2\/tags?post=7878"}],"curies":[{"name":"wp","href":"https:\/\/api.w.org\/{rel}","templated":true}]}}