{"id":7905,"date":"2021-11-09T09:55:12","date_gmt":"2021-11-09T14:55:12","guid":{"rendered":"https:\/\/pembrokediocese.com\/bulletin\/2-novembre-2021-copy\/"},"modified":"2021-11-13T13:13:11","modified_gmt":"2021-11-13T18:13:11","slug":"9-novembre-2021","status":"publish","type":"post","link":"https:\/\/pembrokediocese.com\/fr\/bulletin\/9-novembre-2021\/","title":{"rendered":"BULLETIN HEBDOMADAIRE  &#8211; le 9 novembre 2021  (D\u00e9dicace de la basilique du Latran)"},"content":{"rendered":"<h4><strong><i><a href=\"mailto:reception@pembrokediocese.com?subject=Abonnez-vous au bulletin hebdomadaire&amp;amp;body=Bonjour, je souhaite m'abonner au Bulletin Hebdomadaire s'il vous plait. Merci.\"><img loading=\"lazy\" decoding=\"async\" class=\"alignright wp-image-8004\" src=\"https:\/\/pembrokediocese.com\/wp-content\/uploads\/subscribe-banner-fr-200x205.png\" alt=\"\" width=\"124\" height=\"127\" srcset=\"https:\/\/pembrokediocese.com\/wp-content\/uploads\/subscribe-banner-fr-200x205.png 200w, https:\/\/pembrokediocese.com\/wp-content\/uploads\/subscribe-banner-fr-768x785.png 768w, https:\/\/pembrokediocese.com\/wp-content\/uploads\/subscribe-banner-fr.png 840w\" sizes=\"(max-width: 124px) 100vw, 124px\" \/><\/a><\/i><\/strong><\/h4>\n<h3><strong><em>J\u00e9sus parlait du sanctuaire de son corps.<\/em><\/strong><\/h3>\n<p>(Jean 2, 13-22)<\/p>\n<hr \/>\n<h2><strong>MESSAGE DE L&rsquo;\u00c9V<\/strong><strong>\u00ca<\/strong><strong>QUE<\/strong><\/h2>\n<h3><strong>Ouverture officielle du synode dioc\u00e9sain<\/strong><\/h3>\n<p><strong>Chers fr\u00e8res et s\u0153urs,<\/strong><\/p>\n<p>Toutes les \u00c9glises dioc\u00e9saines du monde viennent d\u2019entrer dans un grand processus appel\u00e9 \u00ab\u00a0synode\u00a0\u00bb depuis la fin de semaine derni\u00e8re. Le pape Fran\u00e7ois, quant \u00e0 lui, a proc\u00e9d\u00e9 au lancement officiel de cette d\u00e9marche synodale de l\u2019\u00c9glise catholique les samedi et dimanche 9 et 10 octobre 2021 en la basilique St-Pierre de Rome. Il invite tous les fid\u00e8les, hommes et femmes, religieux et religieuses et membres du clerg\u00e9 \u00e0 embarquer dans ce vaste mouvement de consultation qui atteindra son apog\u00e9e dans deux ans. <a href=\"https:\/\/pembrokediocese.com\/fr\/article\/ouverture-officielle-du-synode-diocesain\/\">(Lire la suite\u2026)<\/a><\/p>\n<h3><strong>Demandes de lettre d\u2019exemption<\/strong><\/h3>\n<p>Veuillez lire la lettre de Mgr Guy Desrochers du 16 septembre 2021 aux pr\u00eatres et aux diacres du dioc\u00e8se de Pembroke <a href=\"https:\/\/pembrokediocese.com\/fr\/lettres-pastorale\/demandes-de-lettre-dexemption\/\">ici.<\/a><\/p>\n<h3><strong>D\u00e9claration concernant les vaccins anti-COVID et les mandats de vaccination<\/strong><\/h3>\n<p>Veuillez lire la d\u00e9claration de l&rsquo;\u00e9v\u00eaque Guy Desrochers <a href=\"https:\/\/pembrokediocese.com\/fr\/article\/declaration-concernant-les-vaccins-anti-covid-et-les-mandats-de-vaccination\/\">ici.<\/a><\/p>\n<hr \/>\n<h2><strong>DU DIOC\u00c8SE<\/strong><\/h2>\n<h3><strong>Nominations pastorales:<\/strong><\/h3>\n<p>Monseigneur Guy Desrochers, C.Ss.R., annonce les nominations pastorales suivantes:<\/p>\n<ul>\n<li><strong>Le P. Justin Bertrand <\/strong>est nomm\u00e9 administrateur de la paroisse St-Thomas-d&rsquo;Aquin, Astorville, de la paroisse Ste-Bernadette, Bonfield et de la paroisse Sacr\u00e9-C\u0153ur, Corbeil.<\/li>\n<li><strong>Le P. R\u00e9al Ouellette<\/strong> est nomm\u00e9 cur\u00e9 de la paroisse Holy Canadian Martyrs, Combermere, et de la mission St. Francis de Sales, Latchford Bridge.<\/li>\n<\/ul>\n<p>Ces nominations entrent <strong>en vigueur le 1er d\u00e9cembre 2021<\/strong>.<\/p>\n<ul>\n<li>En octobre, <strong>le P. Kenneth O&rsquo;Brien<\/strong> a termin\u00e9 son minist\u00e8re d&rsquo;aum\u00f4nier \u00e0 Marianhill, \u00e0 Pembroke. Mgr Desrochers tient \u00e0 remercier le p\u00e8re O&rsquo;Brien pour son d\u00e9vouement \u00e0 la pastorale des r\u00e9sidents et du personnel de Marianhill pendant plus de trente ans.<\/li>\n<li><strong>Le P. William Kenney<\/strong> est nomm\u00e9 aum\u00f4nier de Marianhill. Le P. Kenney assurera les soins pastoraux un jour par semaine.<\/li>\n<li><strong>Le s\u00e9minariste Lukas \u010casta<\/strong> est affect\u00e9 \u00e0 la paroisse de la cath\u00e9drale St. Columbkille pour son ann\u00e9e pastorale. En raison des r\u00e9novations du presbyt\u00e8re de la cath\u00e9drale, Lukas est en r\u00e9sidence au presbyt\u00e8re de Our Lady of Lourdes \u00e0 Pembroke.<\/li>\n<\/ul>\n<h3><strong>Nous avons d\u00e9m\u00e9nag\u00e9 !<\/strong><\/h3>\n<p>Veuillez noter qu&rsquo;en raison de r\u00e9novations, la chancellerie et les bureaux de l&rsquo;\u00e9v\u00eaque ont temporairement d\u00e9m\u00e9nag\u00e9 au 545, rue Pembroke Ouest, Pembroke. Toute correspondance peut encore \u00eatre envoy\u00e9e \u00e0 C.P. 7, Pembroke, ON, K8A 6X1.<\/p>\n<h3><strong>Pri\u00e8res<\/strong><\/h3>\n<p>Veuillez prier pour le repos de l&rsquo;\u00e2me de Mme Harriett (Neville) Gagnon, s\u0153ur du p\u00e8re Grant Neville, qui est d\u00e9c\u00e9d\u00e9e paisiblement entour\u00e9e de sa famille le mercredi 3 novembre \u00e0 l&rsquo;\u00e2ge de 82 ans.<\/p>\n<hr \/>\n<h2><strong>L&rsquo;\u00c9QUIPE D&rsquo;\u00c9VANG\u00c9LISATION<\/strong><\/h2>\n<h3><strong>Un exemple de paroisse missionnaire : Phoenix First Assembly of God<\/strong><\/h3>\n<p>Par Pierre-Alain Giffard, directeur de la pastorale dioc\u00e9saine\u00a0:\u00a0Tommy Barnett \u00e9tait le pasteur principal de Phoenix First Assembly of God, en Arizona. Cette \u00e9glise est famili\u00e8rement appel\u00e9e \u00ab\u00a0L\u2019\u00e9glise avec un c\u0153ur\u201d, en raison de ses plus de 260 minist\u00e8res de proximit\u00e9. Au fil des ans et gr\u00e2ce \u00e0 ses efforts missionnaires, elle a connu une croissance remarquable.\u00a0<a href=\"https:\/\/pembrokediocese.com\/fr\/textes-a-lire\/phoenix-first-assembly-of-god\/\">(Lire la suite\u2026)<\/a><\/p>\n<h3><strong>Vous \u00eates invit\u00e9s (activit\u00e9 en anglais)<\/strong><\/h3>\n<p>L&rsquo;\u00e9quipe d&rsquo;\u00e9vang\u00e9lisation commence un groupe de pri\u00e8re <u>en ligne<\/u> afin d&rsquo;interc\u00e9der pour le projet dioc\u00e9sain d&rsquo;\u00e9vang\u00e9lisation, pour les membres de l&rsquo;\u00e9quipe et pour tous ceux que Dieu veut que nous rejoignions. Nous esp\u00e9rons que vous pourrez vous joindre \u00e0 nous les mercredis soir \u00e0 19h30. Nous prierons le chapelet, parfois une neuvaine, ou m\u00e9diterons sur un passage de l&rsquo;\u00c9vangile. Pensez \u00e0 marquer votre calendrier. Pour vous brancher, cliquer sur le lien suivant\u00a0: <a href=\"https:\/\/us02web.zoom.us\/j\/84010154174\">https:\/\/us02web.zoom.us\/j\/84010154174<\/a>.<\/p>\n<hr \/>\n<h2><strong>DE LA CECC<\/strong><\/h2>\n<h3><strong>D\u00e9cret d\u2019entr\u00e9e en vigueur \u2013 Nouvelle traduction fran\u00e7aise du Missel romain<\/strong><\/h3>\n<p>Lire la lettre <a href=\"https:\/\/www.cccb.ca\/fr\/letter\/decret-no-2021-01-f-decret-dentree-en-vigeur-nouvelle-traduction-francaise-du-missel-romain\/\">ici<\/a>.<\/p>\n<h3><strong>Horizons d\u2019esp\u00e9rance \u2013 Une trousse d\u2019outils pour les paroisses catholiques sur les soins palliatifs<\/strong><\/h3>\n<p>Rejoignez la CECC pour le lancement Webinaire Zoom le <strong>mardi 16 novembre 2021<\/strong>, de 10h \u00e0 11h30 HNE. Un panel d\u2019experts vous fera un survol du contenu de la trousse offerte gratuitement au public et vous expliquera comment la t\u00e9l\u00e9charger pour que vous puissiez animer des discussions significatives sur les soins palliatifs dans vos communaut\u00e9s chr\u00e9tiennes. Cliquez <a href=\"https:\/\/cccb-ca.zoom.us\/meeting\/register\/tZMpc-uqrzsiE9XNPND1KOzxIf2l-TQq01gg\">ici<\/a> pour vous inscrire.<\/p>\n<h3><strong>Suggestions d\u2019hom\u00e9lies et de pri\u00e8res des fid\u00e8les pour la vie et la famille pendant le mois de novembre 2021 \u2013 mercredi, novembre 3, 2021<\/strong><\/h3>\n<p>La Conf\u00e9rence des \u00e9v\u00eaques catholiques du Canada (CECC) poursuit la publication des suggestions de pistes d\u2019hom\u00e9lies et de pri\u00e8res des fid\u00e8les pour faire le lien entre la liturgie du dimanche et l\u2019initiative pastorale pour la vie et la famille. Les textes propos\u00e9s pour le mois de novembre 2021 contiennent des suggestions pour la p\u00e9riode allant du 32<sup>e<\/sup>\u00a0dimanche du Temps Ordinaire, le 7 novembre, jusqu\u2019au 1<sup>e<\/sup>\u00a0dimanche de l\u2019Avent, le 28 novembre 2021. Comme \u00e0 l\u2019habitude, les suggestions d\u2019hom\u00e9lies et de pri\u00e8res peuvent facilement \u00eatre adapt\u00e9es pour la pri\u00e8re en famille, de m\u00eame que pour la pri\u00e8re personnelle ou pour les besoins d\u2019autres groupes ou organismes. Les textes pour le mois d\u2019octobre sont accessibles sur la page web sp\u00e9ciale pour la vie et la famille, sous la section \u00ab\u00a0<strong><u><a href=\"https:\/\/www.cccb.ca\/fr\/foi-et-questions-morales\/famille-et-vie\/suggestions-dhomelies-et-de-prieres-des-fideles\/\">Suggestions d\u2019hom\u00e9lies et de pri\u00e8res des fid\u00e8les\u00a0<\/a><\/u><\/strong>\u00bb.<\/p>\n<h3><strong>C\u00e9l\u00e9brons l\u2019ann\u00e9e de la Famille Amoris Laetitia <\/strong><\/h3>\n<p>Depuis le 19 mars 2021, le pape Fran\u00e7ois invite les croyants et croyantes \u00e0 c\u00e9l\u00e9brer une ann\u00e9e consacr\u00e9e \u00e0 la famille et \u00e0 approfondir la compr\u00e9hension de son Exhortation apostolique\u00a0Amoris Laetitia, \u00ab\u2009La joie de l\u2019amour\u2009\u00bb. L\u2019Ann\u00e9e de la famille\u00a0Amoris Laetitia\u00a0se cl\u00f4turera par la 10<sup>e<\/sup> Rencontre mondiale des familles, qui se tiendra \u00e0 Rome et elle sera organis\u00e9e dans nos dioc\u00e8ses locaux du 22 au 26 juin 2022. <a href=\"https:\/\/www.cccb.ca\/fr\/foi-et-questions-morales\/famille-et-vie\/celebrons-lannee-de-la-famille-amoris-laetitia\/\">(Lire la suite\u2026)<\/a><\/p>\n<hr \/>\n<h2><strong>\u00c9V\u00c9NEMENTS PAROISSIAUX<\/strong><\/h2>\n<h3><strong>Sainte Messe<\/strong><\/h3>\n<p>La Sainte Messe selon le Missel romain de 1962 est offerte \u00e0 la Cath\u00e9drale St Columbkille le premier samedi de chaque mois \u00e0 9 h. Il s&rsquo;agit essentiellement de la m\u00eame forme de la liturgie qui a nourri la foi de nombreux catholiques pendant des si\u00e8cles. \u00a0Des traductions en anglais de l&rsquo;ensemble de la messe sont fournies. <strong>Prochaine messe \u2013 4 d\u00e9cembre 2021.<\/strong><\/p>\n<hr \/>\n<h2><strong>AUTRES \u00c9V\u00c9NEMENTS CATHOLIQUES<\/strong><\/h2>\n<h3><strong>Nouvelle traduction fran\u00e7aise du Missel romain<\/strong><\/h3>\n<p>\u00c0 partir du dimanche 28 novembre 2021, les communaut\u00e9s francophones utiliseront une nouvelle traduction fran\u00e7aise du Missel romain. Pour nous aider \u00e0 ce changement, le P\u00e8re R\u00e9al Ouellette a enregistr\u00e9 une pr\u00e9sentation \u00e0 ce sujet que vous pouvez consulter sur sa cha\u00eene YouTube :\u00a0<a href=\"https:\/\/www.youtube.com\/watch?v=O7Y8d7YGz7A\">https:\/\/www.youtube.com\/watch?v=O7Y8d7YGz7A<\/a>.<\/p>\n<hr \/>\n<h2><strong>OPPORTUNIT\u00c9S D&rsquo;EMPLOI<\/strong><\/h2>\n<h3><strong>CECC \u2013 Technicien ou technicienne en syst\u00e8mes d\u2019information, Services des technologies num\u00e9rique, m\u00e9diatique, informatique et imprim\u00e9e<\/strong><\/h3>\n<p>Sous la supervision du directeur des technologies num\u00e9rique, m\u00e9diatique, informatique et imprim\u00e9e, le technicien ou la technicienne en syst\u00e8mes d\u2019information est responsable de divers projets informatiques pour la CECC. Le ou la titulaire est \u00e9galement charg\u00e9 de proc\u00e9der \u00e0 l\u2019analyse des besoins en vue de la conception, de l\u2019installation, de la mise en \u0153uvre et de la personnalisation des logiciels et des infrastructures. Il ou elle agit \u00e0 titre de webmestre pour les sites intranet et extranet de la CECC et assure le soutien technique de premi\u00e8re ligne aux utilisateurs et utilisatrices d\u2019ordinateurs qui \u00e9prouvent des difficult\u00e9s avec les logiciels et le mat\u00e9riel informatique. En l\u2019absence du directeur, il ou elle doit trouver des solutions temporaires ou permanentes aux d\u00e9faillances du r\u00e9seau, du mat\u00e9riel et des logiciels, au mieux de ses capacit\u00e9s, afin de minimiser les temps d\u2019arr\u00eat pour les membres et le personnel de la CECC. Pour plus de renseignements\u00a0: <a href=\"https:\/\/www.cccb.ca\/fr\/career\/information-systems-technician-department-for-digital-print-media-and-information-technologies\/\">Technicien ou technicienne en syst\u00e8mes d\u2019information, Services des technologies num\u00e9rique, m\u00e9diatique, informatique et imprim\u00e9e &#8211; Canadian Conference of Catholic Bishops (cccb.ca)<\/a>. Date limite pour postuler est le<strong> 19 novembre 2021. <\/strong><\/p>\n<h3><strong>CECC \u2013 <\/strong><strong>Chef, Service de communications, Secr\u00e9tariat g\u00e9n\u00e9ral<\/strong><\/h3>\n<p>La Conf\u00e9rence des \u00e9v\u00eaques catholiques du Canada (CECC) est l\u2019Assembl\u00e9e nationale des \u00e9v\u00eaques du Canada. \u00c0 l\u2019instar des autres conf\u00e9rences \u00e9piscopales nationales dans le monde, elle facilite l\u2019action pastorale conjointe des \u00e9v\u00eaques du pays. En plus de la r\u00e9glementation des questions liturgiques et pastorales, cette action commune comprend la coordination des initiatives caritatives dans de nombreux dioc\u00e8ses et la promotion des relations \u0153cum\u00e9niques et interconfessionnelles au niveau national. Le travail de la CECC est facilit\u00e9 par un Secr\u00e9tariat g\u00e9n\u00e9ral permanent et bilingue situ\u00e9 \u00e0 Ottawa. Pour plus de renseignements\u00a0: <a href=\"https:\/\/www.cccb.ca\/fr\/career\/lead-communications-service-general-secretariat\/\">Chef, Service de communications, Secr\u00e9tariat g\u00e9n\u00e9ral &#8211; Canadian Conference of Catholic Bishops (cccb.ca)<\/a>. Date limite pour postuler est le <strong>19 novembre 2021<\/strong>.<\/p>\n<h3><strong>CECC \u2013 <\/strong><strong>Conseiller pour les relations \u0153cum\u00e9niques et interreligieuses, Secr\u00e9tariat g\u00e9n\u00e9ral <\/strong><\/h3>\n<p>Sous la direction du Secr\u00e9taire g\u00e9n\u00e9ral, qui est appuy\u00e9 par le Secr\u00e9taire g\u00e9n\u00e9ral adjoint, et en \u00e9troite collaboration avec les autres membres du personnel du Secr\u00e9tariat g\u00e9n\u00e9ral, le ou la titulaire conseille la CECC sur les questions \u0153cum\u00e9niques et interreligieuses, maintient plusieurs relations \u0153cum\u00e9niques et interreligieuses distinctes, et agit comme secr\u00e9taire de la\u00a0Commission \u00e9piscopale pour l\u2019unit\u00e9 des chr\u00e9tiens, les relations religieuses avec les juifs et le dialogue interreligieux. Pour plus de renseignements\u00a0: <a href=\"https:\/\/www.cccb.ca\/fr\/career\/advisor-for-ecumenical-and-interfaith-relations-general-secretariat\/\">Conseiller pour les relations oecum\u00e9niques et interreligieuses, Secr\u00e9tariat g\u00e9n\u00e9ral &#8211; Canadian Conference of Catholic Bishops (cccb.ca)<\/a>. Date limite pour postuler est le <strong>19 novembre 2021<\/strong>.<\/p>\n","protected":false},"excerpt":{"rendered":"<p>J\u00e9sus parlait du sanctuaire de son corps. (Jean 2, 13-22) MESSAGE DE L&rsquo;\u00c9V\u00caQUE Ouverture officielle du synode dioc\u00e9sain Chers fr\u00e8res et s\u0153urs, Toutes les \u00c9glises dioc\u00e9saines du monde viennent d\u2019entrer dans un grand processus appel\u00e9 \u00ab\u00a0synode\u00a0\u00bb depuis la fin de semaine derni\u00e8re. Le pape Fran\u00e7ois, quant \u00e0 lui, a proc\u00e9d\u00e9 au lancement officiel de cette d\u00e9marche synodale de l\u2019\u00c9glise catholique les samedi et dimanche 9 et 10 octobre 2021 en la basilique St-Pierre de Rome. Il invite tous les fid\u00e8les, hommes et femmes, religieux et religieuses et membres du clerg\u00e9 \u00e0 embarquer dans ce vaste mouvement de consultation qui atteindra son apog\u00e9e dans deux ans. (Lire la suite\u2026) Demandes de lettre d\u2019exemption Veuillez lire la lettre de Mgr Guy Desrochers du 16 septembre 2021 aux pr\u00eatres et aux diacres du dioc\u00e8se de Pembroke ici. D\u00e9claration concernant les vaccins anti-COVID et les mandats de vaccination Veuillez lire la d\u00e9claration de l&rsquo;\u00e9v\u00eaque Guy Desrochers ici. DU DIOC\u00c8SE Nominations pastorales: Monseigneur Guy Desrochers, C.Ss.R., annonce les nominations pastorales suivantes: Le P. Justin Bertrand est nomm\u00e9 administrateur de la paroisse St-Thomas-d&rsquo;Aquin, Astorville, de la paroisse Ste-Bernadette, Bonfield et de la paroisse Sacr\u00e9-C\u0153ur, Corbeil. Le P. R\u00e9al Ouellette est nomm\u00e9 cur\u00e9 de la paroisse Holy Canadian Martyrs, Combermere, et de la mission St. Francis de Sales, Latchford Bridge. Ces nominations entrent en vigueur le 1er d\u00e9cembre 2021. En octobre, le P. Kenneth O&rsquo;Brien a termin\u00e9 son minist\u00e8re d&rsquo;aum\u00f4nier \u00e0 Marianhill, \u00e0 Pembroke. Mgr Desrochers tient \u00e0 remercier le p\u00e8re O&rsquo;Brien pour son d\u00e9vouement \u00e0 la pastorale des r\u00e9sidents et du personnel de Marianhill pendant plus de trente ans. Le P. William Kenney est nomm\u00e9 aum\u00f4nier de Marianhill. Le P. Kenney assurera les soins pastoraux un jour par semaine. Le s\u00e9minariste Lukas \u010casta est affect\u00e9 \u00e0 la paroisse de la cath\u00e9drale St. Columbkille pour son ann\u00e9e pastorale. En raison des r\u00e9novations du presbyt\u00e8re de la cath\u00e9drale, Lukas est en r\u00e9sidence au presbyt\u00e8re de Our Lady of Lourdes \u00e0 Pembroke. Nous avons d\u00e9m\u00e9nag\u00e9 ! Veuillez noter qu&rsquo;en raison de r\u00e9novations, la chancellerie et les bureaux de l&rsquo;\u00e9v\u00eaque ont temporairement d\u00e9m\u00e9nag\u00e9 au 545, rue Pembroke Ouest, Pembroke. Toute correspondance peut encore \u00eatre envoy\u00e9e \u00e0 C.P. 7, Pembroke, ON, K8A 6X1. Pri\u00e8res Veuillez prier pour le repos de l&rsquo;\u00e2me de Mme Harriett (Neville) Gagnon, s\u0153ur du p\u00e8re Grant Neville, qui est d\u00e9c\u00e9d\u00e9e paisiblement entour\u00e9e de sa famille le mercredi 3 novembre \u00e0 l&rsquo;\u00e2ge de 82 ans. L&rsquo;\u00c9QUIPE D&rsquo;\u00c9VANG\u00c9LISATION Un exemple de paroisse missionnaire : Phoenix First Assembly of God Par Pierre-Alain Giffard, directeur de la pastorale dioc\u00e9saine\u00a0:\u00a0Tommy Barnett \u00e9tait le pasteur principal de Phoenix First Assembly of God, en Arizona. Cette \u00e9glise est famili\u00e8rement appel\u00e9e \u00ab\u00a0L\u2019\u00e9glise avec un c\u0153ur\u201d, en raison de ses plus de 260 minist\u00e8res de proximit\u00e9. Au fil des ans et gr\u00e2ce \u00e0 ses efforts missionnaires, elle a connu une croissance remarquable.\u00a0(Lire la suite\u2026) Vous \u00eates invit\u00e9s (activit\u00e9 en anglais) L&rsquo;\u00e9quipe d&rsquo;\u00e9vang\u00e9lisation commence un groupe de pri\u00e8re en ligne afin d&rsquo;interc\u00e9der pour le projet dioc\u00e9sain d&rsquo;\u00e9vang\u00e9lisation, pour les membres de l&rsquo;\u00e9quipe et pour tous ceux que Dieu veut que nous rejoignions. Nous esp\u00e9rons que vous pourrez vous joindre \u00e0 nous les mercredis soir \u00e0 19h30. Nous [&hellip;]<\/p>\n","protected":false},"author":1,"featured_media":3815,"comment_status":"closed","ping_status":"closed","sticky":false,"template":"","format":"standard","meta":{"_monsterinsights_skip_tracking":false,"_monsterinsights_sitenote_active":false,"_monsterinsights_sitenote_note":"","_monsterinsights_sitenote_category":0,"footnotes":"","_links_to":"","_links_to_target":""},"categories":[114],"tags":[],"class_list":["post-7905","post","type-post","status-publish","format-standard","has-post-thumbnail","hentry","category-bulletin"],"post_mailing_queue_ids":[],"_links":{"self":[{"href":"https:\/\/pembrokediocese.com\/fr\/wp-json\/wp\/v2\/posts\/7905","targetHints":{"allow":["GET"]}}],"collection":[{"href":"https:\/\/pembrokediocese.com\/fr\/wp-json\/wp\/v2\/posts"}],"about":[{"href":"https:\/\/pembrokediocese.com\/fr\/wp-json\/wp\/v2\/types\/post"}],"author":[{"embeddable":true,"href":"https:\/\/pembrokediocese.com\/fr\/wp-json\/wp\/v2\/users\/1"}],"replies":[{"embeddable":true,"href":"https:\/\/pembrokediocese.com\/fr\/wp-json\/wp\/v2\/comments?post=7905"}],"version-history":[{"count":0,"href":"https:\/\/pembrokediocese.com\/fr\/wp-json\/wp\/v2\/posts\/7905\/revisions"}],"wp:featuredmedia":[{"embeddable":true,"href":"https:\/\/pembrokediocese.com\/fr\/wp-json\/wp\/v2\/media\/3815"}],"wp:attachment":[{"href":"https:\/\/pembrokediocese.com\/fr\/wp-json\/wp\/v2\/media?parent=7905"}],"wp:term":[{"taxonomy":"category","embeddable":true,"href":"https:\/\/pembrokediocese.com\/fr\/wp-json\/wp\/v2\/categories?post=7905"},{"taxonomy":"post_tag","embeddable":true,"href":"https:\/\/pembrokediocese.com\/fr\/wp-json\/wp\/v2\/tags?post=7905"}],"curies":[{"name":"wp","href":"https:\/\/api.w.org\/{rel}","templated":true}]}}