{"id":8051,"date":"2021-11-23T11:36:22","date_gmt":"2021-11-23T16:36:22","guid":{"rendered":"https:\/\/pembrokediocese.com\/bulletin\/16-novembre-2021-copy\/"},"modified":"2021-11-23T11:45:57","modified_gmt":"2021-11-23T16:45:57","slug":"23-novembre-2021","status":"publish","type":"post","link":"https:\/\/pembrokediocese.com\/fr\/bulletin\/23-novembre-2021\/","title":{"rendered":"BULLETIN HEBDOMADAIRE  &#8211; le 23 novembre 2021  (F\u00e9rie)"},"content":{"rendered":"<h4><strong><i><a href=\"mailto:reception@pembrokediocese.com?subject=Abonnez-vous au bulletin hebdomadaire&amp;amp;body=Bonjour, je souhaite m'abonner au Bulletin Hebdomadaire s'il vous plait. Merci.\"><img loading=\"lazy\" decoding=\"async\" class=\"alignright wp-image-8004\" src=\"https:\/\/pembrokediocese.com\/wp-content\/uploads\/subscribe-banner-fr-200x205.png\" alt=\"\" width=\"124\" height=\"127\" srcset=\"https:\/\/pembrokediocese.com\/wp-content\/uploads\/subscribe-banner-fr-200x205.png 200w, https:\/\/pembrokediocese.com\/wp-content\/uploads\/subscribe-banner-fr-768x785.png 768w, https:\/\/pembrokediocese.com\/wp-content\/uploads\/subscribe-banner-fr.png 840w\" sizes=\"(max-width: 124px) 100vw, 124px\" \/><\/a><\/i><\/strong><\/h4>\n<h3><strong><em>Il n&rsquo;en restera pas pierre sur pierre.<\/em><\/strong><\/h3>\n<p>(Luc 21, 5-11)<\/p>\n<hr \/>\n<h2><strong>MESSAGE DE L&rsquo;\u00c9V<\/strong><strong>\u00ca<\/strong><strong>QUE<\/strong><\/h2>\n<h3><strong>Cheminement synodal dans le dioc\u00e8se de Pembroke<\/strong><\/h3>\n<p>Toutes les dioc\u00e8ses du monde sont maintenant engag\u00e9s dans un grand processus appel\u00e9 \u00ab\u00a0synode\u00a0\u00bb. Le pape Fran\u00e7ois a officiellement lanc\u00e9 ce processus les samedi et dimanche 9 et 10 octobre 2021 dans la basilique Saint-Pierre de Rome. Il invite tous les fid\u00e8les, hommes et femmes, religieux et religieuses, clerg\u00e9 \u00e0 entrer dans un vaste mouvement de consultation qui atteindra son apog\u00e9e dans deux ans. <a href=\"https:\/\/pembrokediocese.com\/fr\/synode\/\">(Lire la suite\u2026)<\/a><\/p>\n<h3><strong>Demandes de lettre d\u2019exemption<\/strong><\/h3>\n<p>Veuillez lire la lettre de Mgr Guy Desrochers du 16 septembre 2021 aux pr\u00eatres et aux diacres du dioc\u00e8se de Pembroke <a href=\"https:\/\/pembrokediocese.com\/fr\/lettres-pastorale\/demandes-de-lettre-dexemption\/\">ici.<\/a><\/p>\n<h3><strong>D\u00e9claration concernant les vaccins anti-COVID et les mandats de vaccination<\/strong><\/h3>\n<p>Veuillez lire la d\u00e9claration de l&rsquo;\u00e9v\u00eaque Guy Desrochers <a href=\"https:\/\/pembrokediocese.com\/fr\/article\/declaration-concernant-les-vaccins-anti-covid-et-les-mandats-de-vaccination\/\">ici.<\/a><\/p>\n<hr \/>\n<h2><strong>DU DIOC\u00c8SE<\/strong><\/h2>\n<h3><strong>Nouvelle page web pour le parcours synodal dans le dioc\u00e8se de Pembroke<\/strong><\/h3>\n<p>Comme vous le savez, le pape Fran\u00e7ois a lanc\u00e9 dans l\u2019\u00c9glise un vaste chemin synodal. Il appelle tous les catholiques \u00e0 prendre du temps pour s\u2019\u00e9couter mutuellement et \u00e0 se laisser \u201cbousculer\u201d par l\u2019Esprit Saint. \u00c0 travers ce synode, nous nous demandons: \u201cQu\u2019est-ce que Dieu veut nous dire en ce moment?\u201d. Et nous aspirons \u00e0 d\u00e9couvrir des chemins de communion, de participation et de mission.<\/p>\n<p><strong><a href=\"https:\/\/pembrokediocese.com\/fr\/synode\/\">Une page web a \u00e9t\u00e9 cr\u00e9\u00e9e sur le site du dioc\u00e8se<\/a><\/strong> pour d\u00e9crire ce \u00e0 quoi ressemble ce parcours synodal dans notre dioc\u00e8se. On peut y acc\u00e9der facilement \u00e0 partir de la page d&rsquo;accueil. Nous vous invitons \u00e0 la visiter et \u00e0 commencer \u00e0 prier et \u00e0 r\u00e9fl\u00e9chir aux questions de ce synode.<\/p>\n<h3><strong>Nominations pastorales<\/strong><\/h3>\n<p>Monseigneur Guy Desrochers, C.Ss.R., annonce les nominations pastorales suivantes:<\/p>\n<ul>\n<li><strong>Le p\u00e8re Steven Ballard<\/strong> est nomm\u00e9 cur\u00e9 de la paroisse St John Chrysostom, Arnprior, et de la paroisse Our Lady of Perpetual Help, Braeside. Cette nomination entre en vigueur le 1er f\u00e9vrier 2022.<\/li>\n<li><strong>Le p\u00e8re Justin Bertrand<\/strong> a d\u00e9missionn\u00e9 du minist\u00e8re sacerdotal et a exprim\u00e9 son d\u00e9sir de demander une dispense des obligations de l&rsquo;\u00e9tat cl\u00e9rical.<\/li>\n<li><strong>Le p\u00e8re John Burchat<\/strong> est nomm\u00e9 cur\u00e9 de la paroisse St Lawrence O&rsquo;Toole, Barry&rsquo;s Bay, de la paroisse Holy Canadian Martyrs, Combermere, et de la mission St Francis de Sales, Latchford Bridge. Cette nomination entre en vigueur le 1er f\u00e9vrier 2022. Un pr\u00eatre de Madonna House poursuivra l&rsquo;administration jusqu&rsquo;\u00e0 la fin du mois de d\u00e9cembre.<\/li>\n<li><strong>Le p\u00e8re Patrick Dobec<\/strong> est nomm\u00e9 cur\u00e9 de la paroisse Our Lady of Sorrows, Petawawa. Cette nomination entre en vigueur le 1er f\u00e9vrier 2022.<\/li>\n<li><strong>Le p\u00e8re R\u00e9al Ouellette<\/strong> restera dans les paroisses de Saint-Thomas-d&rsquo;Aquin, Astorville, Sainte-Bernadette, Bonfield, et Sacred Heart, Corbeil.<\/li>\n<li><strong>Le p\u00e8re Peter Proulx<\/strong> terminera son minist\u00e8re \u00e0 temps partiel en tant que vicaire paroissial de la paroisse St John Chrysostom, Arnprior.<\/li>\n<li><strong>Le p\u00e8re Robert Ryan<\/strong> terminera son minist\u00e8re \u00e0 la paroisse Our Lady of Perpetual Help, Braeside, alors qu&rsquo;il poursuit sa convalescence apr\u00e8s un cancer.<\/li>\n<li><strong>Le p\u00e8re Basil Tanguay<\/strong> est nomm\u00e9 vicaire paroissial \u00e0 temps partiel aux paroisses de St James the Greater, Portage-du-Fort, Immacul\u00e9e-Conception, Bryson, Ste-Anne, \u00cele-du-Grand Calumet et St John the Evangelist, Campbell&rsquo;s Bay. Cette nomination est entr\u00e9e en vigueur le 1er novembre 2021.<\/li>\n<\/ul>\n<h3><strong>Ordo \u2013 calendriers pour l\u2019ann\u00e9e 2021-22<\/strong><em>\u00a0<\/em><\/h3>\n<p>Ordo \u2013 calendriers pour l\u2019ann\u00e9e 2021-22 sont maintenant disponibles \u00e0 l\u2019\u00e9v\u00each\u00e9 pour 20$ seulement. Veuillez communiquer avec Donna Biggs au 613 732-7933 poste 203 ou <a href=\"mailto:donnabiggs@pembrokediocese.com\">donnabiggs@pembrokediocese.com<\/a>.<\/p>\n<h3><strong>Nous avons d\u00e9m\u00e9nag\u00e9 !<\/strong><\/h3>\n<p>Veuillez noter qu&rsquo;en raison de r\u00e9novations, la chancellerie et les bureaux de l&rsquo;\u00e9v\u00eaque ont temporairement d\u00e9m\u00e9nag\u00e9 au 545, rue Pembroke Ouest, Pembroke. Toute correspondance peut encore \u00eatre envoy\u00e9e \u00e0 C.P. 7, Pembroke, ON, K8A 6X1.<\/p>\n<hr \/>\n<h2><strong>V\u00c9RIT\u00c9 ET R\u00c9CONCILIATION<\/strong><\/h2>\n<h3><strong>V\u00e9rit\u00e9 et r\u00e9conciliation <\/strong><\/h3>\n<p>La nouvelle de la d\u00e9couverte, ce printemps, de tombes non marqu\u00e9es au pensionnat indien de Kamloops, en Colombie-Britannique, a secou\u00e9 notre conscience catholique qui s&rsquo;est trouv\u00e9e aux prises avec une r\u00e9alit\u00e9 canadienne et une question de fait concernant l&rsquo;histoire de notre \u00c9glise. Cette question a \u00e9t\u00e9 v\u00e9cue de diverses fa\u00e7ons dans notre dioc\u00e8se. <a href=\"https:\/\/pembrokediocese.com\/fr\/article\/verite-et-reconciliation\/\">(Lire la suite\u2026)<\/a><\/p>\n<hr \/>\n<h2><strong>L&rsquo;\u00c9QUIPE D&rsquo;\u00c9VANG\u00c9LISATION<\/strong><\/h2>\n<h3><strong>Qu\u2019est-ce qui peut aider les enfants \u00e9lev\u00e9s dans la religion catholique \u00e0 continuer \u00e0 pratiquer leur foi \u00e0 l\u2019\u00e2ge adulte?<\/strong><\/h3>\n<p>Selon l\u2019enqu\u00eate faite par The Pillar Survey on Religious Attitudes and Practices, certains facteurs permettent de pr\u00e9dire si les enfants \u00e9lev\u00e9s dans la religion catholique continueront \u00e0 la pratiquer \u00e0 l\u2019\u00e2ge adulte. Ces facteurs sont les suivants : <a href=\"https:\/\/pembrokediocese.com\/fr\/textes-a-lire\/pratiquer-leur-foi\/\">(Lire la suite\u2026)<\/a><\/p>\n<hr \/>\n<h2><strong>DE LA CECC<\/strong><\/h2>\n<h3><strong>2021 Lettre pastorale sur la traite des personnes et l\u2019exploitation sexuelle au Canada \u2013 lundi, novembre 22, 2021<\/strong><\/h3>\n<p>Le 22 novembre 2021 la Commission \u00e9piscopale pour la justice et la paix de la CECC a publi\u00e9 une lettre pastorale intitul\u00e9e\u00a0:\u00a0C\u2019est pour que nous soyons libres que le Christ nous a lib\u00e9r\u00e9s : Lettre pastorale sur la traite des personnes et l\u2019exploitation sexuelle au Canada. La lettre traite de la nature intrins\u00e8quement exploitante et abusive de l\u2019achat de services sexuels et insiste sur le fait que, pour prot\u00e9ger les personnes vuln\u00e9rables, cette pratique doit continuer \u00e0 \u00eatre criminalis\u00e9e : \u00ab Traiter le sexe comme un travail, c\u2019est camoufler la violence physique, psychologique et sexuelle inflig\u00e9e \u00e0 la personne prostitu\u00e9e.\u00a0\u00bb La prostitution consiste \u00e0 vendre quelque chose qu\u2019on ne peut, en soi, vendre ou acheter : elle n\u2019est ni plus ni moins que de l\u2019exploitation. \u00bb<\/p>\n<p><a href=\"https:\/\/www.cccb.ca\/wp-content\/uploads\/2021\/11\/CECC-Traite-des-personnes-lettre-pastorale-2021.pdf\"><strong>Lien \u00e0 la lettre pastorale en format PDF.<\/strong><\/a><\/p>\n<h3><strong>D\u00e9cret d\u2019entr\u00e9e en vigueur \u2013 Nouvelle traduction fran\u00e7aise du Missel romain<\/strong><\/h3>\n<p>Lire la lettre <a href=\"https:\/\/www.cccb.ca\/fr\/letter\/decret-no-2021-01-f-decret-dentree-en-vigeur-nouvelle-traduction-francaise-du-missel-romain\/\">ici<\/a>.<\/p>\n<hr \/>\n<h2><strong>\u00c9V\u00c9NEMENTS PAROISSIAUX<\/strong><\/h2>\n<h3><strong>Sainte Messe<\/strong><\/h3>\n<p>La Sainte Messe selon le Missel romain de 1962 est offerte \u00e0 la Cath\u00e9drale St Columbkille le premier samedi de chaque mois \u00e0 9 h. Il s&rsquo;agit essentiellement de la m\u00eame forme de la liturgie qui a nourri la foi de nombreux catholiques pendant des si\u00e8cles. \u00a0Des traductions en anglais de l&rsquo;ensemble de la messe sont fournies. <strong>Prochaine messe \u2013 4 d\u00e9cembre 2021.<\/strong><\/p>\n<hr \/>\n<h2><strong>AUTRES \u00c9V\u00c9NEMENTS CATHOLIQUES<\/strong><\/h2>\n<h3><strong>Conf\u00e9rence gratuite en ligne du fr\u00e8re Michel Gourgues<\/strong><\/h3>\n<p><strong>Conf\u00e9rence gratuite en ligne du fr\u00e8re Michel Gourgues<\/strong>, dominicain et professeur de Nouveau Testament au Coll\u00e8ge Universitaire Dominicain (campus de Montr\u00e9al et d&rsquo;Ottawa) : \u00ab\u00a0L&rsquo;Esprit de v\u00e9rit\u00e9 et le discernement de l&rsquo;\u00e9v\u00e9nement J\u00e9sus dans l&rsquo;\u00e9vangile de Jean\u00a0\u00bb le <strong>mardi 30 novembre 2021 \u00e0 19h30. <\/strong>Inscrivez-vous en envoyant un courriel \u00e0 <a href=\"mailto:cdevs@udominicaine.ca\">cdevs@udominicaine.ca<\/a>.<\/p>\n<h3><strong>Nouvelle traduction fran\u00e7aise du Missel romain<\/strong><\/h3>\n<p>\u00c0 partir du dimanche 28 novembre 2021, les communaut\u00e9s francophones utiliseront une nouvelle traduction fran\u00e7aise du Missel romain. Pour nous aider \u00e0 ce changement, le P\u00e8re R\u00e9al Ouellette a enregistr\u00e9 une pr\u00e9sentation \u00e0 ce sujet que vous pouvez consulter sur sa cha\u00eene YouTube :\u00a0<a href=\"https:\/\/www.youtube.com\/watch?v=O7Y8d7YGz7A\">https:\/\/www.youtube.com\/watch?v=O7Y8d7YGz7A<\/a>.<\/p>\n","protected":false},"excerpt":{"rendered":"<p>Il n&rsquo;en restera pas pierre sur pierre. (Luc 21, 5-11) MESSAGE DE L&rsquo;\u00c9V\u00caQUE Cheminement synodal dans le dioc\u00e8se de Pembroke Toutes les dioc\u00e8ses du monde sont maintenant engag\u00e9s dans un grand processus appel\u00e9 \u00ab\u00a0synode\u00a0\u00bb. Le pape Fran\u00e7ois a officiellement lanc\u00e9 ce processus les samedi et dimanche 9 et 10 octobre 2021 dans la basilique Saint-Pierre de Rome. Il invite tous les fid\u00e8les, hommes et femmes, religieux et religieuses, clerg\u00e9 \u00e0 entrer dans un vaste mouvement de consultation qui atteindra son apog\u00e9e dans deux ans. (Lire la suite\u2026) Demandes de lettre d\u2019exemption Veuillez lire la lettre de Mgr Guy Desrochers du 16 septembre 2021 aux pr\u00eatres et aux diacres du dioc\u00e8se de Pembroke ici. D\u00e9claration concernant les vaccins anti-COVID et les mandats de vaccination Veuillez lire la d\u00e9claration de l&rsquo;\u00e9v\u00eaque Guy Desrochers ici. DU DIOC\u00c8SE Nouvelle page web pour le parcours synodal dans le dioc\u00e8se de Pembroke Comme vous le savez, le pape Fran\u00e7ois a lanc\u00e9 dans l\u2019\u00c9glise un vaste chemin synodal. Il appelle tous les catholiques \u00e0 prendre du temps pour s\u2019\u00e9couter mutuellement et \u00e0 se laisser \u201cbousculer\u201d par l\u2019Esprit Saint. \u00c0 travers ce synode, nous nous demandons: \u201cQu\u2019est-ce que Dieu veut nous dire en ce moment?\u201d. Et nous aspirons \u00e0 d\u00e9couvrir des chemins de communion, de participation et de mission. Une page web a \u00e9t\u00e9 cr\u00e9\u00e9e sur le site du dioc\u00e8se pour d\u00e9crire ce \u00e0 quoi ressemble ce parcours synodal dans notre dioc\u00e8se. On peut y acc\u00e9der facilement \u00e0 partir de la page d&rsquo;accueil. Nous vous invitons \u00e0 la visiter et \u00e0 commencer \u00e0 prier et \u00e0 r\u00e9fl\u00e9chir aux questions de ce synode. Nominations pastorales Monseigneur Guy Desrochers, C.Ss.R., annonce les nominations pastorales suivantes: Le p\u00e8re Steven Ballard est nomm\u00e9 cur\u00e9 de la paroisse St John Chrysostom, Arnprior, et de la paroisse Our Lady of Perpetual Help, Braeside. Cette nomination entre en vigueur le 1er f\u00e9vrier 2022. Le p\u00e8re Justin Bertrand a d\u00e9missionn\u00e9 du minist\u00e8re sacerdotal et a exprim\u00e9 son d\u00e9sir de demander une dispense des obligations de l&rsquo;\u00e9tat cl\u00e9rical. Le p\u00e8re John Burchat est nomm\u00e9 cur\u00e9 de la paroisse St Lawrence O&rsquo;Toole, Barry&rsquo;s Bay, de la paroisse Holy Canadian Martyrs, Combermere, et de la mission St Francis de Sales, Latchford Bridge. Cette nomination entre en vigueur le 1er f\u00e9vrier 2022. Un pr\u00eatre de Madonna House poursuivra l&rsquo;administration jusqu&rsquo;\u00e0 la fin du mois de d\u00e9cembre. Le p\u00e8re Patrick Dobec est nomm\u00e9 cur\u00e9 de la paroisse Our Lady of Sorrows, Petawawa. Cette nomination entre en vigueur le 1er f\u00e9vrier 2022. Le p\u00e8re R\u00e9al Ouellette restera dans les paroisses de Saint-Thomas-d&rsquo;Aquin, Astorville, Sainte-Bernadette, Bonfield, et Sacred Heart, Corbeil. Le p\u00e8re Peter Proulx terminera son minist\u00e8re \u00e0 temps partiel en tant que vicaire paroissial de la paroisse St John Chrysostom, Arnprior. Le p\u00e8re Robert Ryan terminera son minist\u00e8re \u00e0 la paroisse Our Lady of Perpetual Help, Braeside, alors qu&rsquo;il poursuit sa convalescence apr\u00e8s un cancer. Le p\u00e8re Basil Tanguay est nomm\u00e9 vicaire paroissial \u00e0 temps partiel aux paroisses de St James the Greater, Portage-du-Fort, Immacul\u00e9e-Conception, Bryson, Ste-Anne, \u00cele-du-Grand Calumet et St John the Evangelist, Campbell&rsquo;s Bay. Cette nomination est entr\u00e9e en vigueur le 1er novembre 2021. Ordo \u2013 calendriers pour l\u2019ann\u00e9e 2021-22\u00a0 [&hellip;]<\/p>\n","protected":false},"author":1,"featured_media":3815,"comment_status":"closed","ping_status":"closed","sticky":false,"template":"","format":"standard","meta":{"_monsterinsights_skip_tracking":false,"_monsterinsights_sitenote_active":false,"_monsterinsights_sitenote_note":"","_monsterinsights_sitenote_category":0,"footnotes":"","_links_to":"","_links_to_target":""},"categories":[114],"tags":[],"class_list":["post-8051","post","type-post","status-publish","format-standard","has-post-thumbnail","hentry","category-bulletin"],"post_mailing_queue_ids":[],"_links":{"self":[{"href":"https:\/\/pembrokediocese.com\/fr\/wp-json\/wp\/v2\/posts\/8051","targetHints":{"allow":["GET"]}}],"collection":[{"href":"https:\/\/pembrokediocese.com\/fr\/wp-json\/wp\/v2\/posts"}],"about":[{"href":"https:\/\/pembrokediocese.com\/fr\/wp-json\/wp\/v2\/types\/post"}],"author":[{"embeddable":true,"href":"https:\/\/pembrokediocese.com\/fr\/wp-json\/wp\/v2\/users\/1"}],"replies":[{"embeddable":true,"href":"https:\/\/pembrokediocese.com\/fr\/wp-json\/wp\/v2\/comments?post=8051"}],"version-history":[{"count":0,"href":"https:\/\/pembrokediocese.com\/fr\/wp-json\/wp\/v2\/posts\/8051\/revisions"}],"wp:featuredmedia":[{"embeddable":true,"href":"https:\/\/pembrokediocese.com\/fr\/wp-json\/wp\/v2\/media\/3815"}],"wp:attachment":[{"href":"https:\/\/pembrokediocese.com\/fr\/wp-json\/wp\/v2\/media?parent=8051"}],"wp:term":[{"taxonomy":"category","embeddable":true,"href":"https:\/\/pembrokediocese.com\/fr\/wp-json\/wp\/v2\/categories?post=8051"},{"taxonomy":"post_tag","embeddable":true,"href":"https:\/\/pembrokediocese.com\/fr\/wp-json\/wp\/v2\/tags?post=8051"}],"curies":[{"name":"wp","href":"https:\/\/api.w.org\/{rel}","templated":true}]}}