{"id":8765,"date":"2022-02-28T15:01:13","date_gmt":"2022-02-28T20:01:13","guid":{"rendered":"https:\/\/pembrokediocese.com\/article\/message-de-mgr-guy-desrochers-concernant-la-demission-de-labbe-justin-bertrand-copy\/"},"modified":"2022-02-28T15:06:00","modified_gmt":"2022-02-28T20:06:00","slug":"lettre-diocese-aux-paroissiens-paroissiennes-pour-la-campagne-careme-partage","status":"publish","type":"post","link":"https:\/\/pembrokediocese.com\/fr\/article\/lettre-diocese-aux-paroissiens-paroissiennes-pour-la-campagne-careme-partage\/","title":{"rendered":"Lettre Dioc\u00e8se aux paroissiens-paroissiennes pour la campagne Car\u00eame de partage"},"content":{"rendered":"<p><img loading=\"lazy\" decoding=\"async\" class=\"wp-image-8089 aligncenter\" src=\"https:\/\/pembrokediocese.com\/wp-content\/uploads\/Picture1-1-200x229.jpg\" alt=\"\" width=\"104\" height=\"119\" srcset=\"https:\/\/pembrokediocese.com\/wp-content\/uploads\/Picture1-1-200x229.jpg 200w, https:\/\/pembrokediocese.com\/wp-content\/uploads\/Picture1-1.jpg 300w\" sizes=\"(max-width: 104px) 100vw, 104px\" \/><\/p>\n<p>Chers fr\u00e8res et s\u0153urs,<\/p>\n<p>&nbsp;<\/p>\n<p>Cette ann\u00e9e, alors que nous nous approchons du Mercredi des Cendres et que nous nous pr\u00e9parons \u00e0 entrer en Car\u00eame, rappelons-nous que la saison liturgique du Car\u00eame est une saison de conversion. C&rsquo;est un temps pour approfondir notre relation avec le Christ et rechercher une transformation int\u00e9rieure par la pri\u00e8re, le pardon et le partage. C\u2019est cela le je\u00fbne qui pla\u00eet \u00e0 Dieu.<\/p>\n<p>Dans son encyclique Laudato Si&rsquo;, le pape Fran\u00e7ois nous appelle \u00e0 une \u00ab\u00a0v\u00e9ritable conversion \u00e9cologique\u00a0\u00bb. Le Pape Fran\u00e7ois \u00e9tablit un lien entre la d\u00e9gradation de l&rsquo;environnement et l&rsquo;amour des pauvres et nous rappelle que les nations les plus pauvres du monde sont celles qui souffrent le plus des conditions des changements climatiques.<\/p>\n<p>En tant qu&rsquo;organisation officielle de solidarit\u00e9 internationale de l&rsquo;\u00c9glise catholique au Canada, D\u00e9veloppement et Paix &#8211; Caritas Canada est pr\u00eate \u00e0 r\u00e9pondre \u00e0 ces cris. En ce Car\u00eame, par le biais de sa campagne Car\u00eame de partage, D&amp;P invite les catholiques canadiens \u00e0 \u00eatre solidaires avec nos fr\u00e8res et s\u0153urs du Sud qui subissent de graves impacts dus aux changements climatiques. Le th\u00e8me de la campagne de cette ann\u00e9e est <em>\u00a0\u00bb Les gens et la plan\u00e8te avant tout \u00ab\u00a0.<\/em> Par cette campagne, D\u00e9veloppement et Paix met en lumi\u00e8re le travail de ses partenaires qui, malgr\u00e9 les difficult\u00e9s, trouvent des moyens de vivre en harmonie avec leur environnement. Ce faisant, ils cr\u00e9ent des alternatives aux syst\u00e8mes sociaux et \u00e9conomiques injustes qui les maintiennent dans la pauvret\u00e9 et sont responsables de la d\u00e9gradation de notre plan\u00e8te dont nous d\u00e9pendons tous.<\/p>\n<p>Alors que nous commen\u00e7ons notre marche en souvenir de la mort et de la r\u00e9surrection de J\u00e9sus, suivons ses traces avec humilit\u00e9. \u00a0Dans un esprit de sacrifice et de v\u00e9ritable conversion auquel nous sommes appel\u00e9-e-s par notre \u00c9glise, notre dioc\u00e8se peut agir comme mod\u00e8le de solidarit\u00e9 \u00e0 une \u00e9poque o\u00f9 le leadership moral est plus difficile et pourtant plus n\u00e9cessaire que jamais.<\/p>\n<p>Depuis 1967, la CECC a d\u00e9di\u00e9 le cinqui\u00e8me dimanche du Car\u00eame \u00e0 la solidarit\u00e9. Dans notre dioc\u00e8se, la collecte n\u2019a pas n\u00e9cessairement lieu le cinqui\u00e8me dimanche, mais disons plut\u00f4t \u00e0 la fin du Car\u00eame, selon le temps ou la mani\u00e8re pr\u00e9vus par la paroisse. \u00c0 cette occasion, nous aurons dans chaque paroisse une collecte en faveur de la campagne <em>\u00ab\u00a0Les gens et la plan\u00e8te avant tout.\u00a0\u00bb<\/em> et je vous encourage \u00e0 donner g\u00e9n\u00e9reusement.<\/p>\n<p>Il est possible que des restrictions sanitaires dissuadent certains de participer \u00e0 la messe en personne. Je demande donc \u00e0 toutes les paroisses de promouvoir le 5\u00e8me dimanche de car\u00eame d\u00e9di\u00e9 \u00e0 la solidarit\u00e9, en paroisse et en ligne sur vos sites web et r\u00e9seaux sociaux. \u00a0Vous pouvez faire vos dons \u00e0 la campagne en ligne par le biais de <a href=\"https:\/\/www.devp.org\/fr\/\">https:\/\/www.devp.org\/fr\/<\/a>, en envoyant un ch\u00e8que par la poste ou par t\u00e9l\u00e9phone au 1-888-234-8533.<\/p>\n<p>La campagne de D\u00e9veloppement et Paix nous donne l&rsquo;occasion de vivre intens\u00e9ment le Car\u00eame, une riche exp\u00e9rience de solidarit\u00e9 avec les personnes appauvries et opprim\u00e9es. Je vous invite \u00e0 utiliser les ressources liturgiques fournies par D\u00e9veloppement et Paix pendant ce Car\u00eame, afin de partager ce message d&rsquo;amour, de solidarit\u00e9 et de conversion dans vos paroisses, vos \u00e9coles et vos communaut\u00e9s. Vous pouvez les trouver ici\u00a0: <a href=\"https:\/\/www.devp.org\/fr\/campaign\/les-gens-la-planete-avant-tout\/careme-de-partage\/\">https:\/\/www.devp.org\/fr\/campaign\/les-gens-la-planete-avant-tout\/careme-de-partage\/<\/a><\/p>\n<p>Au nom du Christ, je vous invite \u00e0 placer les personnes et la plan\u00e8te au c\u0153ur de notre attention spirituelle en ce temps de Car\u00eame.<\/p>\n<p><img loading=\"lazy\" decoding=\"async\" width=\"200\" height=\"49\" class=\"alignnone size-medium wp-image-8092\" src=\"https:\/\/pembrokediocese.com\/wp-content\/uploads\/Picture2-1-200x49.jpg\" alt=\"\" srcset=\"https:\/\/pembrokediocese.com\/wp-content\/uploads\/Picture2-1-200x49.jpg 200w, https:\/\/pembrokediocese.com\/wp-content\/uploads\/Picture2-1.jpg 422w\" sizes=\"(max-width: 200px) 100vw, 200px\" \/><\/p>\n<p>+ Guy Desrochers, c.ss.r.<\/p>\n<p>\u00c9v\u00eaque de Pembroke<\/p>\n","protected":false},"excerpt":{"rendered":"<p>Chers fr\u00e8res et s\u0153urs, &nbsp; Cette ann\u00e9e, alors que nous nous approchons du Mercredi des Cendres et que nous nous pr\u00e9parons \u00e0 entrer en Car\u00eame, rappelons-nous que la saison liturgique du Car\u00eame est une saison de conversion. C&rsquo;est un temps pour approfondir notre relation avec le Christ et rechercher une transformation int\u00e9rieure par la pri\u00e8re, le pardon et le partage. C\u2019est cela le je\u00fbne qui pla\u00eet \u00e0 Dieu. Dans son encyclique Laudato Si&rsquo;, le pape Fran\u00e7ois nous appelle \u00e0 une \u00ab\u00a0v\u00e9ritable conversion \u00e9cologique\u00a0\u00bb. Le Pape Fran\u00e7ois \u00e9tablit un lien entre la d\u00e9gradation de l&rsquo;environnement et l&rsquo;amour des pauvres et nous rappelle que les nations les plus pauvres du monde sont celles qui souffrent le plus des conditions des changements climatiques. En tant qu&rsquo;organisation officielle de solidarit\u00e9 internationale de l&rsquo;\u00c9glise catholique au Canada, D\u00e9veloppement et Paix &#8211; Caritas Canada est pr\u00eate \u00e0 r\u00e9pondre \u00e0 ces cris. En ce Car\u00eame, par le biais de sa campagne Car\u00eame de partage, D&amp;P invite les catholiques canadiens \u00e0 \u00eatre solidaires avec nos fr\u00e8res et s\u0153urs du Sud qui subissent de graves impacts dus aux changements climatiques. Le th\u00e8me de la campagne de cette ann\u00e9e est \u00a0\u00bb Les gens et la plan\u00e8te avant tout \u00ab\u00a0. Par cette campagne, D\u00e9veloppement et Paix met en lumi\u00e8re le travail de ses partenaires qui, malgr\u00e9 les difficult\u00e9s, trouvent des moyens de vivre en harmonie avec leur environnement. Ce faisant, ils cr\u00e9ent des alternatives aux syst\u00e8mes sociaux et \u00e9conomiques injustes qui les maintiennent dans la pauvret\u00e9 et sont responsables de la d\u00e9gradation de notre plan\u00e8te dont nous d\u00e9pendons tous. Alors que nous commen\u00e7ons notre marche en souvenir de la mort et de la r\u00e9surrection de J\u00e9sus, suivons ses traces avec humilit\u00e9. \u00a0Dans un esprit de sacrifice et de v\u00e9ritable conversion auquel nous sommes appel\u00e9-e-s par notre \u00c9glise, notre dioc\u00e8se peut agir comme mod\u00e8le de solidarit\u00e9 \u00e0 une \u00e9poque o\u00f9 le leadership moral est plus difficile et pourtant plus n\u00e9cessaire que jamais. Depuis 1967, la CECC a d\u00e9di\u00e9 le cinqui\u00e8me dimanche du Car\u00eame \u00e0 la solidarit\u00e9. Dans notre dioc\u00e8se, la collecte n\u2019a pas n\u00e9cessairement lieu le cinqui\u00e8me dimanche, mais disons plut\u00f4t \u00e0 la fin du Car\u00eame, selon le temps ou la mani\u00e8re pr\u00e9vus par la paroisse. \u00c0 cette occasion, nous aurons dans chaque paroisse une collecte en faveur de la campagne \u00ab\u00a0Les gens et la plan\u00e8te avant tout.\u00a0\u00bb et je vous encourage \u00e0 donner g\u00e9n\u00e9reusement. Il est possible que des restrictions sanitaires dissuadent certains de participer \u00e0 la messe en personne. Je demande donc \u00e0 toutes les paroisses de promouvoir le 5\u00e8me dimanche de car\u00eame d\u00e9di\u00e9 \u00e0 la solidarit\u00e9, en paroisse et en ligne sur vos sites web et r\u00e9seaux sociaux. \u00a0Vous pouvez faire vos dons \u00e0 la campagne en ligne par le biais de https:\/\/www.devp.org\/fr\/, en envoyant un ch\u00e8que par la poste ou par t\u00e9l\u00e9phone au 1-888-234-8533. La campagne de D\u00e9veloppement et Paix nous donne l&rsquo;occasion de vivre intens\u00e9ment le Car\u00eame, une riche exp\u00e9rience de solidarit\u00e9 avec les personnes appauvries et opprim\u00e9es. Je vous invite \u00e0 utiliser les ressources liturgiques fournies par D\u00e9veloppement et Paix pendant ce Car\u00eame, afin de partager ce message d&rsquo;amour, de solidarit\u00e9 et de conversion dans vos [&hellip;]<\/p>\n","protected":false},"author":1,"featured_media":3886,"comment_status":"closed","ping_status":"open","sticky":false,"template":"","format":"standard","meta":{"_monsterinsights_skip_tracking":false,"_monsterinsights_sitenote_active":false,"_monsterinsights_sitenote_note":"","_monsterinsights_sitenote_category":0,"footnotes":"","_links_to":"","_links_to_target":""},"categories":[84],"tags":[],"class_list":["post-8765","post","type-post","status-publish","format-standard","has-post-thumbnail","hentry","category-article"],"post_mailing_queue_ids":[],"_links":{"self":[{"href":"https:\/\/pembrokediocese.com\/fr\/wp-json\/wp\/v2\/posts\/8765","targetHints":{"allow":["GET"]}}],"collection":[{"href":"https:\/\/pembrokediocese.com\/fr\/wp-json\/wp\/v2\/posts"}],"about":[{"href":"https:\/\/pembrokediocese.com\/fr\/wp-json\/wp\/v2\/types\/post"}],"author":[{"embeddable":true,"href":"https:\/\/pembrokediocese.com\/fr\/wp-json\/wp\/v2\/users\/1"}],"replies":[{"embeddable":true,"href":"https:\/\/pembrokediocese.com\/fr\/wp-json\/wp\/v2\/comments?post=8765"}],"version-history":[{"count":0,"href":"https:\/\/pembrokediocese.com\/fr\/wp-json\/wp\/v2\/posts\/8765\/revisions"}],"wp:featuredmedia":[{"embeddable":true,"href":"https:\/\/pembrokediocese.com\/fr\/wp-json\/wp\/v2\/media\/3886"}],"wp:attachment":[{"href":"https:\/\/pembrokediocese.com\/fr\/wp-json\/wp\/v2\/media?parent=8765"}],"wp:term":[{"taxonomy":"category","embeddable":true,"href":"https:\/\/pembrokediocese.com\/fr\/wp-json\/wp\/v2\/categories?post=8765"},{"taxonomy":"post_tag","embeddable":true,"href":"https:\/\/pembrokediocese.com\/fr\/wp-json\/wp\/v2\/tags?post=8765"}],"curies":[{"name":"wp","href":"https:\/\/api.w.org\/{rel}","templated":true}]}}