{"id":8997,"date":"2022-04-26T10:31:09","date_gmt":"2022-04-26T14:31:09","guid":{"rendered":"https:\/\/pembrokediocese.com\/bulletin\/19-avril-2022-copy\/"},"modified":"2022-04-26T10:37:00","modified_gmt":"2022-04-26T14:37:00","slug":"26-avril-2022","status":"publish","type":"post","link":"https:\/\/pembrokediocese.com\/fr\/bulletin\/26-avril-2022\/","title":{"rendered":"BULLETIN HEBDOMADAIRE  &#8211; le 26 avril 2022  (F\u00e9rie)"},"content":{"rendered":"<h4><strong><i><a href=\"mailto:reception@pembrokediocese.com?subject=Abonnez-vous au bulletin hebdomadaire&amp;amp;body=Bonjour, je souhaite m'abonner au Bulletin Hebdomadaire s'il vous plait. Merci.\"><img loading=\"lazy\" decoding=\"async\" class=\"alignright wp-image-8004\" src=\"https:\/\/pembrokediocese.com\/wp-content\/uploads\/subscribe-banner-fr-200x205.png\" alt=\"\" width=\"124\" height=\"127\" srcset=\"https:\/\/pembrokediocese.com\/wp-content\/uploads\/subscribe-banner-fr-200x205.png 200w, https:\/\/pembrokediocese.com\/wp-content\/uploads\/subscribe-banner-fr-768x785.png 768w, https:\/\/pembrokediocese.com\/wp-content\/uploads\/subscribe-banner-fr.png 840w\" sizes=\"(max-width: 124px) 100vw, 124px\" \/><\/a><\/i><\/strong><\/h4>\n<h3><em><strong>Nul n&rsquo;est mont\u00e9 au ciel sinon celui qui est descendu du ciel, le Fils de l&rsquo;homme.<\/strong><\/em><\/h3>\n<p>(Jean 3, 7b-15)<\/p>\n<hr \/>\n<h2><strong>MESSAGE DE L\u2019\u00c9V\u00caQUE<\/strong><\/h2>\n<h3><strong>Message de P\u00e2ques de Mgr Guy Desrochers<\/strong><\/h3>\n<p>Voir le message de Mgr Guy Desrochers sur YouTube <a href=\"https:\/\/youtu.be\/3-qsAs6ZZIc\">ici.<\/a><\/p>\n<hr \/>\n<h2><strong>DU DIOC\u00c8SE<\/strong><\/h2>\n<h3><strong>Dons pour les efforts de secours en Ukraine<\/strong><\/h3>\n<p>Voici trois liens pour les personnes qui voudraient faire un don \u00e0 des programmes d&rsquo;aide humanitaire en Ukraine :<\/p>\n<ul>\n<li><a href=\"https:\/\/cnewa.org\/ca\/campaigns\/ukraine\/\">The Catholic Near East Welfare Association (CNEWA)<\/a><\/li>\n<li><a href=\"https:\/\/orderofmaltarelief.org\/\">Malteser International (relief agency of the Order of Malta)<\/a><\/li>\n<li><u>2022 DF &#8211; Ukraine Regional Assistance (e2rm.com)<\/u><\/li>\n<\/ul>\n<h3><strong>Les questions du synode dioc\u00e9sain<\/strong><\/h3>\n<p>Les questions du synode dioc\u00e9sain peuvent \u00eatre r\u00e9pondues sur notre site web \u00e0 <a href=\"https:\/\/pembrokediocese.com\/fr\/article\/vous-pouvez-maintenant-repondre-en-ligne-aux-questions-du-synode\/\">https:\/\/pembrokediocese.com\/fr\/article\/vous-pouvez-maintenant-repondre-en-ligne-aux-questions-du-synode\/<\/a>.<\/p>\n<hr \/>\n<h2><strong>V\u00c9RIT\u00c9 ET R\u00c9CONCILIATION<\/strong><\/h2>\n<h3><strong>Terminologies<\/strong><\/h3>\n<p>Le Cercle dioc\u00e9sain d&rsquo;action aimerait\u00a0 vous familiariser avec certaines terminologies\u00a0:<\/p>\n<p><strong>Enfranchissement : <\/strong>Le processus consistant \u00e0 renoncer \u00e0 son statut d&rsquo;Indien, qui \u00e9tait pr\u00e9dominant \u00e0 l&rsquo;\u00e9poque des pratiques d&rsquo;assimilation des Indiens. En 1985, cette pratique a \u00e9t\u00e9 abolie par la loi C-31.<\/p>\n<h5>(\u00c0 noter que la citation a \u00e9t\u00e9 traduite \u00e9lectroniquement de l\u2019anglais.)<\/h5>\n<hr \/>\n<h2><strong>L&rsquo;\u00c9QUIPE D&rsquo;\u00c9VANG\u00c9LISATION<\/strong><\/h2>\n<h3><strong>Dans les souliers des \u00ab sans-\u00e9glises \u00bb<\/strong><\/h3>\n<p><em>Par Pierre-Alain Giffard, directeur de la pastorale dioc\u00e9saine<\/em><\/p>\n<p>Une caract\u00e9ristique importante des paroisses missionnaires est qu\u2019elles se mettent \u00e0 la place de ceux qui sont en dehors de l\u2019\u00e9glise. Elles s\u2019efforcent de cr\u00e9er un lien significatif entre l\u2019\u00c9glise et les personnes que Dieu veut atteindre. <a href=\"https:\/\/pembrokediocese.com\/fr\/textes-a-lire\/dans-les-souliers-des-sans-eglises\/\">(Lire la suite\u2026)<\/a><\/p>\n<hr \/>\n<h2><strong>PRO-VIE<\/strong><\/h2>\n<h3><strong>Concours de r\u00e9daction de 12e ann\u00e9e de Renfrew County Right to Life<\/strong><\/h3>\n<p>Renfrew County Right to Life a le plaisir d&rsquo;annoncer son troisi\u00e8me concours de r\u00e9daction, ouvert \u00e0 tous les \u00e9l\u00e8ves de 12<sup>e<\/sup> ann\u00e9e r\u00e9sidant dans le comt\u00e9 de Renfrew. Le th\u00e8me de cette ann\u00e9e est \u00ab\u00a0L&rsquo;\u00e9thique de la f\u00e9condation in vitro.\u00a0\u00bb Le gagnant recevra 300 $. Toutes les dissertations doivent \u00eatre re\u00e7ues <strong>avant le 1<sup>er<\/sup> juin 2022<\/strong>. Pour plus de renseignements, visitez <a href=\"http:\/\/facebook.com\/RCRTL\">facebook.com\/RCRTL<\/a>.<\/p>\n<hr \/>\n<h2><strong>\u00c9V\u00c9NEMENTS PAROISSIAUX<\/strong><\/h2>\n<h3><strong>Sainte Messe<\/strong><\/h3>\n<p>La Sainte Messe selon le Missel romain de 1962 est offerte \u00e0 la Cath\u00e9drale St Columbkille le premier samedi de chaque mois \u00e0 9 h. \u00a0Des traductions en anglais de l&rsquo;ensemble de la messe sont fournies. <strong>Prochaine messe \u2013 7 mai 2022.<\/strong><\/p>\n<hr \/>\n<h2><strong>AUTRES \u00c9V\u00c9NEMENTS CATHOLIQUES<\/strong><\/h2>\n<h3><strong>La Cath\u00e9drale de Montr\u00e9al accueille l\u2019exposition des miracles eucharistiques de Carlo Acutis<\/strong><\/h3>\n<p><strong>Du lundi<\/strong> <strong>25 avril au vendredi 13 mai<\/strong>, la Cath\u00e9drale Marie-Reine-du-Monde (situ\u00e9e au coin de la rue Mansfield et du boulevard Ren\u00e9-Levesque) accueillera une <a href=\"https:\/\/www.diocesemontreal.org\/fr\/actualites\/nouvelles\/exposition-internationale-miracles-eucharistiques-concue-realisee-bienheureux\">exposition itin\u00e9rante sur les miracles eucharistiques dans le monde con\u00e7ue par le bienheureux Carlo Acutis.<\/a><\/p>\n<p><a href=\"https:\/\/www.diocesemontreal.org\/fr\/actualites\/nouvelles\/cathedrale-montreal-accueille-lexposition-miracles-eucharistiques-carlo-acutis\">https:\/\/www.diocesemontreal.org\/fr\/actualites\/nouvelles\/cathedrale-montreal-accueille-lexposition-miracles-eucharistiques-carlo-acutis<\/a>.<\/p>\n","protected":false},"excerpt":{"rendered":"<p>Nul n&rsquo;est mont\u00e9 au ciel sinon celui qui est descendu du ciel, le Fils de l&rsquo;homme. (Jean 3, 7b-15) MESSAGE DE L\u2019\u00c9V\u00caQUE Message de P\u00e2ques de Mgr Guy Desrochers Voir le message de Mgr Guy Desrochers sur YouTube ici. DU DIOC\u00c8SE Dons pour les efforts de secours en Ukraine Voici trois liens pour les personnes qui voudraient faire un don \u00e0 des programmes d&rsquo;aide humanitaire en Ukraine : The Catholic Near East Welfare Association (CNEWA) Malteser International (relief agency of the Order of Malta) 2022 DF &#8211; Ukraine Regional Assistance (e2rm.com) Les questions du synode dioc\u00e9sain Les questions du synode dioc\u00e9sain peuvent \u00eatre r\u00e9pondues sur notre site web \u00e0 https:\/\/pembrokediocese.com\/fr\/article\/vous-pouvez-maintenant-repondre-en-ligne-aux-questions-du-synode\/. V\u00c9RIT\u00c9 ET R\u00c9CONCILIATION Terminologies Le Cercle dioc\u00e9sain d&rsquo;action aimerait\u00a0 vous familiariser avec certaines terminologies\u00a0: Enfranchissement : Le processus consistant \u00e0 renoncer \u00e0 son statut d&rsquo;Indien, qui \u00e9tait pr\u00e9dominant \u00e0 l&rsquo;\u00e9poque des pratiques d&rsquo;assimilation des Indiens. En 1985, cette pratique a \u00e9t\u00e9 abolie par la loi C-31. (\u00c0 noter que la citation a \u00e9t\u00e9 traduite \u00e9lectroniquement de l\u2019anglais.) L&rsquo;\u00c9QUIPE D&rsquo;\u00c9VANG\u00c9LISATION Dans les souliers des \u00ab sans-\u00e9glises \u00bb Par Pierre-Alain Giffard, directeur de la pastorale dioc\u00e9saine Une caract\u00e9ristique importante des paroisses missionnaires est qu\u2019elles se mettent \u00e0 la place de ceux qui sont en dehors de l\u2019\u00e9glise. Elles s\u2019efforcent de cr\u00e9er un lien significatif entre l\u2019\u00c9glise et les personnes que Dieu veut atteindre. (Lire la suite\u2026) PRO-VIE Concours de r\u00e9daction de 12e ann\u00e9e de Renfrew County Right to Life Renfrew County Right to Life a le plaisir d&rsquo;annoncer son troisi\u00e8me concours de r\u00e9daction, ouvert \u00e0 tous les \u00e9l\u00e8ves de 12e ann\u00e9e r\u00e9sidant dans le comt\u00e9 de Renfrew. Le th\u00e8me de cette ann\u00e9e est \u00ab\u00a0L&rsquo;\u00e9thique de la f\u00e9condation in vitro.\u00a0\u00bb Le gagnant recevra 300 $. Toutes les dissertations doivent \u00eatre re\u00e7ues avant le 1er juin 2022. Pour plus de renseignements, visitez facebook.com\/RCRTL. \u00c9V\u00c9NEMENTS PAROISSIAUX Sainte Messe La Sainte Messe selon le Missel romain de 1962 est offerte \u00e0 la Cath\u00e9drale St Columbkille le premier samedi de chaque mois \u00e0 9 h. \u00a0Des traductions en anglais de l&rsquo;ensemble de la messe sont fournies. Prochaine messe \u2013 7 mai 2022. AUTRES \u00c9V\u00c9NEMENTS CATHOLIQUES La Cath\u00e9drale de Montr\u00e9al accueille l\u2019exposition des miracles eucharistiques de Carlo Acutis Du lundi 25 avril au vendredi 13 mai, la Cath\u00e9drale Marie-Reine-du-Monde (situ\u00e9e au coin de la rue Mansfield et du boulevard Ren\u00e9-Levesque) accueillera une exposition itin\u00e9rante sur les miracles eucharistiques dans le monde con\u00e7ue par le bienheureux Carlo Acutis. https:\/\/www.diocesemontreal.org\/fr\/actualites\/nouvelles\/cathedrale-montreal-accueille-lexposition-miracles-eucharistiques-carlo-acutis.<\/p>\n","protected":false},"author":1,"featured_media":3815,"comment_status":"closed","ping_status":"closed","sticky":false,"template":"","format":"standard","meta":{"_monsterinsights_skip_tracking":false,"_monsterinsights_sitenote_active":false,"_monsterinsights_sitenote_note":"","_monsterinsights_sitenote_category":0,"footnotes":"","_links_to":"","_links_to_target":""},"categories":[114],"tags":[],"class_list":["post-8997","post","type-post","status-publish","format-standard","has-post-thumbnail","hentry","category-bulletin"],"post_mailing_queue_ids":[],"_links":{"self":[{"href":"https:\/\/pembrokediocese.com\/fr\/wp-json\/wp\/v2\/posts\/8997","targetHints":{"allow":["GET"]}}],"collection":[{"href":"https:\/\/pembrokediocese.com\/fr\/wp-json\/wp\/v2\/posts"}],"about":[{"href":"https:\/\/pembrokediocese.com\/fr\/wp-json\/wp\/v2\/types\/post"}],"author":[{"embeddable":true,"href":"https:\/\/pembrokediocese.com\/fr\/wp-json\/wp\/v2\/users\/1"}],"replies":[{"embeddable":true,"href":"https:\/\/pembrokediocese.com\/fr\/wp-json\/wp\/v2\/comments?post=8997"}],"version-history":[{"count":0,"href":"https:\/\/pembrokediocese.com\/fr\/wp-json\/wp\/v2\/posts\/8997\/revisions"}],"wp:featuredmedia":[{"embeddable":true,"href":"https:\/\/pembrokediocese.com\/fr\/wp-json\/wp\/v2\/media\/3815"}],"wp:attachment":[{"href":"https:\/\/pembrokediocese.com\/fr\/wp-json\/wp\/v2\/media?parent=8997"}],"wp:term":[{"taxonomy":"category","embeddable":true,"href":"https:\/\/pembrokediocese.com\/fr\/wp-json\/wp\/v2\/categories?post=8997"},{"taxonomy":"post_tag","embeddable":true,"href":"https:\/\/pembrokediocese.com\/fr\/wp-json\/wp\/v2\/tags?post=8997"}],"curies":[{"name":"wp","href":"https:\/\/api.w.org\/{rel}","templated":true}]}}