{"id":9120,"date":"2022-05-24T16:13:32","date_gmt":"2022-05-24T20:13:32","guid":{"rendered":"https:\/\/pembrokediocese.com\/article\/la-grande-fete-de-saint-joseph-copy\/"},"modified":"2022-05-24T16:18:05","modified_gmt":"2022-05-24T20:18:05","slug":"lascension-du-seigneur-devenir-missionnaire-dans-labsence-et-la-presence","status":"publish","type":"post","link":"https:\/\/pembrokediocese.com\/fr\/article\/lascension-du-seigneur-devenir-missionnaire-dans-labsence-et-la-presence\/","title":{"rendered":"L&rsquo;Ascension du Seigneur : devenir missionnaire dans l&rsquo;absence et la pr\u00e9sence"},"content":{"rendered":"<h3 style=\"text-align: center;\"><strong>Le 24 mai 2022<\/strong><\/h3>\n<h1 style=\"text-align: center;\">L&rsquo;Ascension du Seigneur : devenir missionnaire dans l&rsquo;absence et la pr\u00e9sence<\/h1>\n<p>Vous l\u2019avez entendu dans l\u2019\u00c9vangile de saint Luc\u00a0: l\u2019Ascension est une invitation \u00e0 sortir et \u00e0 b\u00e9nir! Sortir pour quoi faire? Pour \u00ab\u00a0proclamer la conversion \u00e0 toutes les nations\u00a0\u00bb, dit J\u00e9sus, et pour que la b\u00e9n\u00e9diction qu\u2019il accorde \u00e0 ses disciples (au moment o\u00f9 il monte vers le ciel), nous donne en m\u00eame temps la gr\u00e2ce de devenir nous-m\u00eames b\u00e9n\u00e9diction pour tous ceux et celles qui entendront la Bonne Nouvelle. Le mot \u00ab b\u00e9n\u00e9diction \u00bb vient du latin \u00ab\u00a0benedictio\u00a0\u00bb ou \u00ab\u00a0bene dicere\u00a0\u00bb qui se traduit par : \u00ab dire du bien \u00bb; mais la b\u00e9n\u00e9diction de J\u00e9sus va bien plus loin que les simples paroles\u00a0: elle a aussi le pouvoir de \u00ab\u00a0faire\u00a0du bien\u00a0\u00bb\u2026 <u>et<\/u> \u00e0 ceux qui entendent cette proclamation \u00e0 la conversion, <u>et<\/u> \u00e0 ceux m\u00eames qui la proclament.<\/p>\n<p>\u00c9videmment, nous ne sommes pas tous appel\u00e9s \u00e0 imiter les ap\u00f4tres qui sont envoy\u00e9s proclamer cette Bonne Nouvelle jusqu\u2019aux confins de la terre; mais cette mission s\u2019adresse n\u00e9anmoins \u00e0 tous les disciples du Seigneur, car tous, nous avons \u00e9t\u00e9 investis par la force de l\u2019Esprit Saint au moment de notre bapt\u00eame. Chacun de nous par cons\u00e9quent, selon la vocation qui lui est propre, est appel\u00e9 \u00e0 continuer la mission d\u2019\u00e9vang\u00e9lisation, de b\u00e9n\u00e9diction et de lib\u00e9ration du Christ r\u00e9dempteur. Les ap\u00f4tres le font plus souvent qu\u2019autrement de fa\u00e7on explicite; nous, nous le faisons surtout de fa\u00e7on implicite, tel un levain que l\u2019on ins\u00e8re dans la p\u00e2te, et qui lentement mais s\u00fbrement, la fait lever en temps voulu et la pr\u00e9pare \u00e0 recevoir le feu du four qui la transformera plus tard en un pain savoureux et d\u00e9licieux.<\/p>\n<p>Vous devinez ici que cette analogie a pour but de mettre en relief le r\u00f4le de l\u2019Esprit Saint, v\u00e9ritable feu divin qui \u00e0 la fois \u00e9l\u00e8ve nos c\u0153urs vers les r\u00e9alit\u00e9s d\u2019en-haut et ce faisant, br\u00fble progressivement nos p\u00e9ch\u00e9s qui nous \u00e9loignent si facilement de Dieu. En agissant myst\u00e9rieusement dans les profondeurs de notre \u00e2me, petit \u00e0 petit, l\u2019Esprit nous transforme, nous sanctifie et nous rend agr\u00e9able \u00e0 Dieu, telle l\u2019odeur d\u2019un parfum exquis, et nous conforme de plus en plus \u00e0 l\u2019image de notre Dieu cr\u00e9ateur.<\/p>\n<p>Si l\u2019Ascension de notre Seigneur J\u00e9sus nous invite \u00e0 sortir pour annoncer la Bonne Nouvelle et \u00e0 devenir b\u00e9n\u00e9diction pour autrui, elle nous entra\u00eene du m\u00eame coup \u00e0 comprendre que notre s\u00e9paration physique avec J\u00e9sus, depuis le jour de l\u2019Ascension, \u00e9tait n\u00e9cessaire\u00a0pour trois raisons: d\u2019une part, J\u00e9sus voulait que ses ap\u00f4tres d\u00e9sirent ardemment recevoir l\u2019Esprit Saint avant de leur accorder une telle gr\u00e2ce. La crainte d\u2019\u00eatre emprisonn\u00e9 comme leur Ma\u00eetre ou de mourir comme Lui leur faisait comprendre la n\u00e9cessit\u00e9 de recourir \u00e0 la protection et \u00e0 la force de Dieu.<\/p>\n<p>Deuxi\u00e8mement, c\u2019est parce que son absence physique devait stimuler notre d\u00e9sir de le retrouver un jour au ciel, tout en nous incitant \u00e0 travailler avec plus de ferveur aux \u0153uvres de salut et \u00e0 rechercher les vertus c\u00e9lestes qui nous ouvriront un jour les portes du ciel.<\/p>\n<p>Enfin, une troisi\u00e8me raison qui expliquerait le fait qu\u2019il devait se s\u00e9parer de nous, c\u2019est qu\u2019avant de nous envoyer l\u2019Esprit Saint, il fallait d\u2019abord que J\u00e9sus remonte au ciel et qu\u2019il pr\u00e9sente \u00e0 son P\u00e8re le troph\u00e9e de sa victoire contre Satan et sur la mort\u00a0: je parle de notre nature humaine qu\u2019il a assum\u00e9e et sacrifi\u00e9e afin de nous r\u00e9concilier avec le P\u00e8re, et qu\u2019il pouvait d\u00e9sormais introduire pour toujours dans le c\u0153ur de la Sainte Trinit\u00e9. Une fois cette alliance consomm\u00e9e, le P\u00e8re et le Fils pourraient maintenant nous envoyer l\u2019Esprit d\u2019Amour et nous rev\u00eatir de ses sept dons divins.<\/p>\n<p>En conclusion de cette r\u00e9flexion en la f\u00eate de l\u2019Ascension de Notre Seigneur J\u00e9sus, rappelons-nous que durant toute sa vie terrestre, J\u00e9sus a toujours eu pr\u00e9sent \u00e0 l\u2019esprit son d\u00e9part. Il fait tout pour pr\u00e9parer ses amis \u00e0 l\u2019absence qui suivra l\u2019ach\u00e8vement de sa mission terrestre. Voyez par exemple comment il s\u2019esquive, s\u2019en va ou se d\u00e9robe apr\u00e8s avoir accompli des miracles, des discours et des gu\u00e9risons. Apr\u00e8s son entr\u00e9e triomphale \u00e0 J\u00e9rusalem, J\u00e9sus les quitte et se cache loin d\u2019eux (Jn 12, 13.36). J\u00e9sus vient vers nous, mais il s\u2019en va aussi. Notre relation avec Lui est souvent mise \u00e0 l\u2019\u00e9preuve, et son absence, bien qu\u2019elle nous attriste de temps \u00e0 autre, provoque souvent notre d\u00e9sir de le retrouver et fait grandir notre foi et notre confiance en Lui. Le livre du Cantique des Cantiques nous met sur la piste d\u2019un jeu amoureux que l\u2019\u00e9poux exerce avec sa bien-aim\u00e9e, afin d\u2019enflammer son d\u00e9sir de le retrouver. L\u2019Ascension de Notre-Seigneur semble s\u2019inscrire \u00e9galement dans ce mouvement myst\u00e9rieux de l\u2019amour divin qui s\u2019absente afin de purifier et attiser la flamme de sa bien-aim\u00e9e, cette \u00c9pouse que le Christ s\u2019est unie par le sang de sa Croix.<\/p>\n<p>D\u00e9sirons l\u2019Esprit Saint, chers(\u00e8res) amis(es). Attendons sa venue dans la pri\u00e8re et le je\u00fbne. Invoquons-le souvent. Que Marie notre M\u00e8re soit invit\u00e9e \u00e0 prier r\u00e9guli\u00e8rement avec nous\u00a0: individuellement, dans nos maisons ou dans nos lieux de rassemblements. N\u2019est-elle pas l\u2019\u00c9pouse de l\u2019Esprit Saint, comme le dit la sainte \u00c9glise catholique, celle qui fut combl\u00e9e de gr\u00e2ces depuis sa conception bienheureuse? Combl\u00e9e non pas pour elle-m\u00eame, mais combl\u00e9e pour nous aimer et nous secourir, nous qui avons tant besoin \u00ab\u00a0en cette vall\u00e9e de larmes\u00a0\u00bb, du secours et de la force du Dieu vivant qui nous aime infiniment! Avec Marie et par l\u2019envoi de l\u2019Esprit Saint qui nous rev\u00eat de sa force, nous serons parfaitement arm\u00e9s pour affronter les nombreux ennemis qui se pr\u00e9sentent sur notre chemin.<\/p>\n<p>D\u2019ici la grande f\u00eate de la Pentec\u00f4te, d\u00e9sirons et attendons avec patience et confiance la venue de l\u2019Esprit Saint, Lui qui nous rev\u00eatira de sa force et qui nous fera comprendre comment J\u00e9sus est r\u00e9ellement et myst\u00e9rieusement pr\u00e9sent au plus profond de nous, m\u00eame s\u2019il fait parfois sentir son absence.<\/p>\n<p>Bonne f\u00eate de l\u2019Ascension \u00e0 chacun et chacune de vous!<\/p>\n<p>Votre fr\u00e8re en J\u00e9sus r\u00e9dempteur,<\/p>\n<p>&nbsp;<\/p>\n<p>+Guy Desrochers, C.Ss.R.<br \/>\n\u00c9v\u00eaque de Pembroke<\/p>\n<hr \/>\n<blockquote><p><a href=\"https:\/\/www.cccb.ca\/fr\/announcement\/declaration-du-bureau-de-direction-de-la-conference-des-eveques-catholiques-du-canada-sur-linvasion-de-lukraine-par-la-russie\/\" target=\"_blank\" rel=\"noopener\"><strong>Lire: D\u00e9claration du Bureau de direction de la Conf\u00e9rence des \u00e9v\u00eaques catholiques du Canada sur l\u2019invasion de l\u2019Ukraine par la Russie<\/strong><\/a><\/p><\/blockquote>\n","protected":false},"excerpt":{"rendered":"<p>Le 24 mai 2022 L&rsquo;Ascension du Seigneur : devenir missionnaire dans l&rsquo;absence et la pr\u00e9sence Vous l\u2019avez entendu dans l\u2019\u00c9vangile de saint Luc\u00a0: l\u2019Ascension est une invitation \u00e0 sortir et \u00e0 b\u00e9nir! Sortir pour quoi faire? Pour \u00ab\u00a0proclamer la conversion \u00e0 toutes les nations\u00a0\u00bb, dit J\u00e9sus, et pour que la b\u00e9n\u00e9diction qu\u2019il accorde \u00e0 ses disciples (au moment o\u00f9 il monte vers le ciel), nous donne en m\u00eame temps la gr\u00e2ce de devenir nous-m\u00eames b\u00e9n\u00e9diction pour tous ceux et celles qui entendront la Bonne Nouvelle. Le mot \u00ab b\u00e9n\u00e9diction \u00bb vient du latin \u00ab\u00a0benedictio\u00a0\u00bb ou \u00ab\u00a0bene dicere\u00a0\u00bb qui se traduit par : \u00ab dire du bien \u00bb; mais la b\u00e9n\u00e9diction de J\u00e9sus va bien plus loin que les simples paroles\u00a0: elle a aussi le pouvoir de \u00ab\u00a0faire\u00a0du bien\u00a0\u00bb\u2026 et \u00e0 ceux qui entendent cette proclamation \u00e0 la conversion, et \u00e0 ceux m\u00eames qui la proclament. \u00c9videmment, nous ne sommes pas tous appel\u00e9s \u00e0 imiter les ap\u00f4tres qui sont envoy\u00e9s proclamer cette Bonne Nouvelle jusqu\u2019aux confins de la terre; mais cette mission s\u2019adresse n\u00e9anmoins \u00e0 tous les disciples du Seigneur, car tous, nous avons \u00e9t\u00e9 investis par la force de l\u2019Esprit Saint au moment de notre bapt\u00eame. Chacun de nous par cons\u00e9quent, selon la vocation qui lui est propre, est appel\u00e9 \u00e0 continuer la mission d\u2019\u00e9vang\u00e9lisation, de b\u00e9n\u00e9diction et de lib\u00e9ration du Christ r\u00e9dempteur. Les ap\u00f4tres le font plus souvent qu\u2019autrement de fa\u00e7on explicite; nous, nous le faisons surtout de fa\u00e7on implicite, tel un levain que l\u2019on ins\u00e8re dans la p\u00e2te, et qui lentement mais s\u00fbrement, la fait lever en temps voulu et la pr\u00e9pare \u00e0 recevoir le feu du four qui la transformera plus tard en un pain savoureux et d\u00e9licieux. Vous devinez ici que cette analogie a pour but de mettre en relief le r\u00f4le de l\u2019Esprit Saint, v\u00e9ritable feu divin qui \u00e0 la fois \u00e9l\u00e8ve nos c\u0153urs vers les r\u00e9alit\u00e9s d\u2019en-haut et ce faisant, br\u00fble progressivement nos p\u00e9ch\u00e9s qui nous \u00e9loignent si facilement de Dieu. En agissant myst\u00e9rieusement dans les profondeurs de notre \u00e2me, petit \u00e0 petit, l\u2019Esprit nous transforme, nous sanctifie et nous rend agr\u00e9able \u00e0 Dieu, telle l\u2019odeur d\u2019un parfum exquis, et nous conforme de plus en plus \u00e0 l\u2019image de notre Dieu cr\u00e9ateur. Si l\u2019Ascension de notre Seigneur J\u00e9sus nous invite \u00e0 sortir pour annoncer la Bonne Nouvelle et \u00e0 devenir b\u00e9n\u00e9diction pour autrui, elle nous entra\u00eene du m\u00eame coup \u00e0 comprendre que notre s\u00e9paration physique avec J\u00e9sus, depuis le jour de l\u2019Ascension, \u00e9tait n\u00e9cessaire\u00a0pour trois raisons: d\u2019une part, J\u00e9sus voulait que ses ap\u00f4tres d\u00e9sirent ardemment recevoir l\u2019Esprit Saint avant de leur accorder une telle gr\u00e2ce. La crainte d\u2019\u00eatre emprisonn\u00e9 comme leur Ma\u00eetre ou de mourir comme Lui leur faisait comprendre la n\u00e9cessit\u00e9 de recourir \u00e0 la protection et \u00e0 la force de Dieu. Deuxi\u00e8mement, c\u2019est parce que son absence physique devait stimuler notre d\u00e9sir de le retrouver un jour au ciel, tout en nous incitant \u00e0 travailler avec plus de ferveur aux \u0153uvres de salut et \u00e0 rechercher les vertus c\u00e9lestes qui nous ouvriront un jour les portes du ciel. Enfin, une troisi\u00e8me raison qui expliquerait le fait qu\u2019il devait se s\u00e9parer de nous, [&hellip;]<\/p>\n","protected":false},"author":1,"featured_media":3886,"comment_status":"closed","ping_status":"closed","sticky":false,"template":"","format":"standard","meta":{"_monsterinsights_skip_tracking":false,"_monsterinsights_sitenote_active":false,"_monsterinsights_sitenote_note":"","_monsterinsights_sitenote_category":0,"footnotes":"","_links_to":"","_links_to_target":""},"categories":[162,84],"tags":[],"class_list":["post-9120","post","type-post","status-publish","format-standard","has-post-thumbnail","hentry","category-message-de-leveque","category-article"],"post_mailing_queue_ids":[],"_links":{"self":[{"href":"https:\/\/pembrokediocese.com\/fr\/wp-json\/wp\/v2\/posts\/9120","targetHints":{"allow":["GET"]}}],"collection":[{"href":"https:\/\/pembrokediocese.com\/fr\/wp-json\/wp\/v2\/posts"}],"about":[{"href":"https:\/\/pembrokediocese.com\/fr\/wp-json\/wp\/v2\/types\/post"}],"author":[{"embeddable":true,"href":"https:\/\/pembrokediocese.com\/fr\/wp-json\/wp\/v2\/users\/1"}],"replies":[{"embeddable":true,"href":"https:\/\/pembrokediocese.com\/fr\/wp-json\/wp\/v2\/comments?post=9120"}],"version-history":[{"count":2,"href":"https:\/\/pembrokediocese.com\/fr\/wp-json\/wp\/v2\/posts\/9120\/revisions"}],"predecessor-version":[{"id":9122,"href":"https:\/\/pembrokediocese.com\/fr\/wp-json\/wp\/v2\/posts\/9120\/revisions\/9122"}],"wp:featuredmedia":[{"embeddable":true,"href":"https:\/\/pembrokediocese.com\/fr\/wp-json\/wp\/v2\/media\/3886"}],"wp:attachment":[{"href":"https:\/\/pembrokediocese.com\/fr\/wp-json\/wp\/v2\/media?parent=9120"}],"wp:term":[{"taxonomy":"category","embeddable":true,"href":"https:\/\/pembrokediocese.com\/fr\/wp-json\/wp\/v2\/categories?post=9120"},{"taxonomy":"post_tag","embeddable":true,"href":"https:\/\/pembrokediocese.com\/fr\/wp-json\/wp\/v2\/tags?post=9120"}],"curies":[{"name":"wp","href":"https:\/\/api.w.org\/{rel}","templated":true}]}}