{"id":9254,"date":"2022-06-07T10:47:21","date_gmt":"2022-06-07T14:47:21","guid":{"rendered":"https:\/\/pembrokediocese.com\/bulletin\/31-mai-2022-copy\/"},"modified":"2022-06-07T10:56:54","modified_gmt":"2022-06-07T14:56:54","slug":"7-juin-2022","status":"publish","type":"post","link":"https:\/\/pembrokediocese.com\/fr\/bulletin\/7-juin-2022\/","title":{"rendered":"BULLETIN HEBDOMADAIRE  &#8211; le 7 juin 2022  (F\u00e9rie)"},"content":{"rendered":"<h4><strong><i><a href=\"mailto:reception@pembrokediocese.com?subject=Abonnez-vous au bulletin hebdomadaire&amp;amp;body=Bonjour, je souhaite m'abonner au Bulletin Hebdomadaire s'il vous plait. Merci.\"><img loading=\"lazy\" decoding=\"async\" class=\"alignright wp-image-8004\" src=\"https:\/\/pembrokediocese.com\/wp-content\/uploads\/subscribe-banner-fr-200x205.png\" alt=\"\" width=\"124\" height=\"127\" srcset=\"https:\/\/pembrokediocese.com\/wp-content\/uploads\/subscribe-banner-fr-200x205.png 200w, https:\/\/pembrokediocese.com\/wp-content\/uploads\/subscribe-banner-fr-768x785.png 768w, https:\/\/pembrokediocese.com\/wp-content\/uploads\/subscribe-banner-fr.png 840w\" sizes=\"(max-width: 124px) 100vw, 124px\" \/><\/a><\/i><\/strong><\/h4>\n<h3><em><strong>Vous \u00eates le sel de la terre.<\/strong><\/em><\/h3>\n<p>(Mattieu 5, 13-16)<\/p>\n<hr \/>\n<h2><strong>DU DIOC\u00c8SE<\/strong><\/h2>\n<h3><strong>Nomination pastorale<\/strong><\/h3>\n<p>Monseigneur Guy Desrochers, c.ss.r., annonce la nomination suivante:<\/p>\n<ul>\n<li><strong>Le p\u00e8re Stephen HELFERTY<\/strong> est aux \u00e9tudes sup\u00e9rieures en th\u00e9ologie patristique avec l&rsquo;intention de servir comme professeur au s\u00e9minaire St Augustine\u2019s de Toronto. Le p\u00e8re Helferty commencera des \u00e9tudes \u00e0 temps plein en langues et autres sujets pertinents \u00e0 l&rsquo;Universit\u00e9 de Toronto en septembre prochain en vue de commencer son programme de licence en 2023.<\/li>\n<\/ul>\n<h3><strong>Pri\u00e8res<\/strong><\/h3>\n<p>Pour le repos de l&rsquo;\u00e2me de M. Howard Bernard Weitl, p\u00e8re du R\u00e9v\u00e9rend P\u00e8re Michael Weitl, pr\u00eatre de Madonna House, d\u00e9c\u00e9d\u00e9 le lundi 31 mai. Veuillez \u00e9galement prier pour la consolation du P\u00e8re Weitl, de sa m\u00e8re Sharon et des membres de sa famille.<\/p>\n<h3><strong>Eccl\u00e9sia<\/strong><\/h3>\n<p>L&rsquo;\u00e9dition de mai 2022 d&rsquo;Eccl\u00e9sia peut \u00eatre lue <a href=\"https:\/\/pembrokediocese.com\/wp-content\/uploads\/ecclesia_202205_fr.pdf\">ici.<\/a><\/p>\n<h3><strong>Le Dioc\u00e8se de Pembroke a maintenant une page Facebook et YouTube ! <\/strong><\/h3>\n<ul>\n<li>Aimez notre page Facebook : <a href=\"https:\/\/pembrokediocese.com\/facebook\">https:\/\/pembrokediocese.com\/facebook<\/a><\/li>\n<li>Abonnez-vous \u00e0 notre cha\u00eene YouTube : <a href=\"https:\/\/pembrokediocese.com\/youtube\">https:\/\/pembrokediocese.com\/youtube<\/a><\/li>\n<\/ul>\n<hr \/>\n<h2><strong>V\u00c9RIT\u00c9 ET R\u00c9CONCILIATION<\/strong><\/h2>\n<h3><strong>Terminologies<\/strong><\/h3>\n<p><em>Le Cercle dioc\u00e9sain d&rsquo;action aimerait\u00a0 vous familiariser avec certaines terminologies\u00a0:<\/em><\/p>\n<p><strong>Les peuples indig\u00e8nes\u00a0: <\/strong>Il n&rsquo;existe pas de d\u00e9finition g\u00e9n\u00e9ralement accept\u00e9e des peuples indig\u00e8nes dans un contexte mondial. Certains pays font r\u00e9f\u00e9rence aux peuples autochtones comme \u00e9tant les personnes qui \u00e9taient l\u00e0 en premier au moment du contact. D&rsquo;autres font r\u00e9f\u00e9rence aux peuples autochtones comme \u00e9tant les peuples nomades \u00e0 l&rsquo;int\u00e9rieur de leurs fronti\u00e8res. Au Canada, nous utilisons une d\u00e9finition des peuples autochtones comme \u00e9tant les Indiens, les Inuits et les M\u00e9tis. Cette d\u00e9finition refl\u00e8te la terminologie constitutionnelle des peuples autochtones, telle qu&rsquo;elle est \u00e9nonc\u00e9e \u00e0 l&rsquo;article 35.<\/p>\n<h5>(\u00c0 noter que la citation a \u00e9t\u00e9 traduite \u00e9lectroniquement de l\u2019anglais.)<\/h5>\n<hr \/>\n<h2><strong>L&rsquo;\u00c9QUIPE D&rsquo;\u00c9VANG\u00c9LISATION<\/strong><\/h2>\n<h3><strong>L&rsquo;\u00e9l\u00e9phant attach\u00e9<\/strong><\/h3>\n<p><em>Par Pierre-Alain Giffard, directeur de la pastorale dioc\u00e9saine<\/em><\/p>\n<p>Avez-vous entendu l\u2019histoire de l\u2019\u00e9l\u00e9phant attach\u00e9 ? <a href=\"https:\/\/pembrokediocese.com\/fr\/article\/lelephant-attache\/\">(Lire la suite\u2026)<\/a><\/p>\n<hr \/>\n<h2><strong>DE LA CECC<\/strong><\/h2>\n<h3><strong>Toutes choses nouvelles<\/strong><\/h3>\n<p>Toutes choses nouvelles est une initiative de l\u2019Office pour la famille et la vie de la CECC qui offre \u00e0 ses lecteurs des r\u00e9flexions et des ressources originales provenant de collaborateurs de partout au pays. Cette publication trimestrielle vise \u00e0, dans les mots du pape Fran\u00e7ois, \u00ab\u00a0mettre en valeur l\u2019amour familial comme vocation et chemin de saintet\u00e9 pour comprendre et partager le sens profond et salvifique des relations familiales dans la vie quotidienne\u00a0\u00bb. Abonnez-vous pour recevoir ce bulletin d\u2019information trimestriel <a href=\"https:\/\/mailchi.mp\/630c8acf10a0\/trguhkgez4\">ici<\/a><em>! <\/em><\/p>\n<h3><strong>Nomination de Mgr Douglas Crosby, O.M.I., comme membre de la Congr\u00e9gation pour le culte divin des sacrements \u2013 lundi, juin 6, 2022<\/strong><\/h3>\n<p>Le mercredi 1er juin 2022, le Bureau de presse du Saint-Si\u00e8ge a annonc\u00e9 que Sa Saintet\u00e9 le pape Fran\u00e7ois a nomm\u00e9 Mgr Douglas Crosby, O.M.I., \u00e9v\u00eaque de Hamilton, comme membre de la Congr\u00e9gation pour le culte divin et la discipline des sacrements. <a href=\"https:\/\/www.cccb.ca\/fr\/announcement\/nomination-de-mgr-douglas-crosby-o-m-i-comme-membre-de-la-congregation-pour-le-culte-divin-et-la-discipline-des-sacrements\/\">(Lire la suite\u2026)<\/a><\/p>\n<h3><strong>Dioc\u00e8se de St-J\u00e9r\u00f4me \u2013 Mont-Laurier et nomination \u00e9piscopale &#8211; mercredi<\/strong><strong>, <\/strong><strong>juin 1, 2022<\/strong><\/h3>\n<p>Sa Saintet\u00e9 le pape Fran\u00e7ois a annonc\u00e9 la fusion du dioc\u00e8se de Saint-J\u00e9r\u00f4me et du dioc\u00e8se de Mont-Laurier, actuellement unis\u00a0<em>en la personne de l\u2019\u00e9v\u00eaque<\/em>\u00a0en une seule circonscription eccl\u00e9siastique et de cr\u00e9er le dioc\u00e8se de St-J\u00e9r\u00f4me-Mont-Laurier. Mgr Raymond Poisson est nomm\u00e9 \u00e9v\u00eaque du nouveau dioc\u00e8se de St-J\u00e9r\u00f4me-Mont-Laurier. Mgr Poisson servait auparavant en tant qu\u2019\u00e9v\u00eaque des deux dioc\u00e8ses autrefois s\u00e9par\u00e9s de Saint-J\u00e9r\u00f4me et de Mont-Laurier.<\/p>\n<h3><strong>Chapelet pour la famille\u00a0<\/strong><\/h3>\n<p>En vue de la Xe Rencontre mondiale des familles (RMF), le Comit\u00e9 permanent de la CECC pour la famille et la vie organise un\u00a0<strong>Chapelet pour la famille<\/strong>\u00a0qui se d\u00e9roulera \u00e0 l\u2019\u00e9chelle du pays par le biais d\u2019un webinaire Zoom. L\u2019\u00e9v\u00e9nement virtuel aura lieu <strong>le dimanche 19 juin 2022<\/strong>, \u00e0 15 heures (HAE), et sera anim\u00e9 par plusieurs familles de partout au Canada. <a href=\"https:\/\/www.cccb.ca\/fr\/media-release\/chapelet-pour-la-famille\/\">(Lire la suite\u2026)<\/a><\/p>\n<h3><strong>Communiqu\u00e9 de presse: Rencontre mondiale des familles\u00a0<\/strong><\/h3>\n<p>En vue de la X<sup>e<\/sup>\u00a0Rencontre mondiale des familles (RMF), le Comit\u00e9 permanent de la CECC pour la famille et la vie a produit un court message vid\u00e9o de promotion qui met en lumi\u00e8re le th\u00e8me \u00ab\u00a0L\u2019amour familial : Vocation et chemin de saintet\u00e9 \u00bb. Le pape Fran\u00e7ois a annonc\u00e9 que la RMF se d\u00e9roulera d\u2019une mani\u00e8re nouvelle; elle sera c\u00e9l\u00e9br\u00e9e non seulement \u00e0 Rome, mais dans tous les dioc\u00e8ses et toutes les \u00e9parchies du monde. Organis\u00e9e par le dioc\u00e8se de Rome et le Dicast\u00e8re pour les la\u00efcs, la famille et la vie, la RMF aura lieu du 22 au 26 juin 2022 et co\u00efncidera avec la cl\u00f4ture de l\u2019Ann\u00e9e de la famille\u00a0Amoris Laetitia. <a href=\"https:\/\/www.cccb.ca\/fr\/media-release\/communique-de-presse-rencontre-mondiale-des-familles\/\">(Lire la suite\u2026)<\/a><\/p>\n<h3><strong>Les \u00e9v\u00eaques Catholiques accueillent favorablement l\u2019annonce des dates et des villes retenues pour la visite papale du Canada<\/strong><\/h3>\n<p>Le Vatican a officiellement annonc\u00e9 que le pape Fran\u00e7ois se rendra au Canada du 24 au 29 juillet 2022. Cette visite historique, ax\u00e9e sur la gu\u00e9rison et la r\u00e9conciliation autochtones, sera le quatri\u00e8me voyage papal au Canada et le premier depuis la visite de saint Jean-Paul II en 2002. <a href=\"https:\/\/www.cccb.ca\/fr\/media-release\/les-eveques-catholiques-accueillent-favorablement-lannonce-des-dates-et-des-villes-retenues-pour-la-visite-papale-au-canada\/\">(Lire la suite\u2026)<\/a><\/p>\n","protected":false},"excerpt":{"rendered":"<p>Vous \u00eates le sel de la terre. (Mattieu 5, 13-16) DU DIOC\u00c8SE Nomination pastorale Monseigneur Guy Desrochers, c.ss.r., annonce la nomination suivante: Le p\u00e8re Stephen HELFERTY est aux \u00e9tudes sup\u00e9rieures en th\u00e9ologie patristique avec l&rsquo;intention de servir comme professeur au s\u00e9minaire St Augustine\u2019s de Toronto. Le p\u00e8re Helferty commencera des \u00e9tudes \u00e0 temps plein en langues et autres sujets pertinents \u00e0 l&rsquo;Universit\u00e9 de Toronto en septembre prochain en vue de commencer son programme de licence en 2023. Pri\u00e8res Pour le repos de l&rsquo;\u00e2me de M. Howard Bernard Weitl, p\u00e8re du R\u00e9v\u00e9rend P\u00e8re Michael Weitl, pr\u00eatre de Madonna House, d\u00e9c\u00e9d\u00e9 le lundi 31 mai. Veuillez \u00e9galement prier pour la consolation du P\u00e8re Weitl, de sa m\u00e8re Sharon et des membres de sa famille. Eccl\u00e9sia L&rsquo;\u00e9dition de mai 2022 d&rsquo;Eccl\u00e9sia peut \u00eatre lue ici. Le Dioc\u00e8se de Pembroke a maintenant une page Facebook et YouTube ! Aimez notre page Facebook : https:\/\/pembrokediocese.com\/facebook Abonnez-vous \u00e0 notre cha\u00eene YouTube : https:\/\/pembrokediocese.com\/youtube V\u00c9RIT\u00c9 ET R\u00c9CONCILIATION Terminologies Le Cercle dioc\u00e9sain d&rsquo;action aimerait\u00a0 vous familiariser avec certaines terminologies\u00a0: Les peuples indig\u00e8nes\u00a0: Il n&rsquo;existe pas de d\u00e9finition g\u00e9n\u00e9ralement accept\u00e9e des peuples indig\u00e8nes dans un contexte mondial. Certains pays font r\u00e9f\u00e9rence aux peuples autochtones comme \u00e9tant les personnes qui \u00e9taient l\u00e0 en premier au moment du contact. D&rsquo;autres font r\u00e9f\u00e9rence aux peuples autochtones comme \u00e9tant les peuples nomades \u00e0 l&rsquo;int\u00e9rieur de leurs fronti\u00e8res. Au Canada, nous utilisons une d\u00e9finition des peuples autochtones comme \u00e9tant les Indiens, les Inuits et les M\u00e9tis. Cette d\u00e9finition refl\u00e8te la terminologie constitutionnelle des peuples autochtones, telle qu&rsquo;elle est \u00e9nonc\u00e9e \u00e0 l&rsquo;article 35. (\u00c0 noter que la citation a \u00e9t\u00e9 traduite \u00e9lectroniquement de l\u2019anglais.) L&rsquo;\u00c9QUIPE D&rsquo;\u00c9VANG\u00c9LISATION L&rsquo;\u00e9l\u00e9phant attach\u00e9 Par Pierre-Alain Giffard, directeur de la pastorale dioc\u00e9saine Avez-vous entendu l\u2019histoire de l\u2019\u00e9l\u00e9phant attach\u00e9 ? (Lire la suite\u2026) DE LA CECC Toutes choses nouvelles Toutes choses nouvelles est une initiative de l\u2019Office pour la famille et la vie de la CECC qui offre \u00e0 ses lecteurs des r\u00e9flexions et des ressources originales provenant de collaborateurs de partout au pays. Cette publication trimestrielle vise \u00e0, dans les mots du pape Fran\u00e7ois, \u00ab\u00a0mettre en valeur l\u2019amour familial comme vocation et chemin de saintet\u00e9 pour comprendre et partager le sens profond et salvifique des relations familiales dans la vie quotidienne\u00a0\u00bb. Abonnez-vous pour recevoir ce bulletin d\u2019information trimestriel ici! Nomination de Mgr Douglas Crosby, O.M.I., comme membre de la Congr\u00e9gation pour le culte divin des sacrements \u2013 lundi, juin 6, 2022 Le mercredi 1er juin 2022, le Bureau de presse du Saint-Si\u00e8ge a annonc\u00e9 que Sa Saintet\u00e9 le pape Fran\u00e7ois a nomm\u00e9 Mgr Douglas Crosby, O.M.I., \u00e9v\u00eaque de Hamilton, comme membre de la Congr\u00e9gation pour le culte divin et la discipline des sacrements. (Lire la suite\u2026) Dioc\u00e8se de St-J\u00e9r\u00f4me \u2013 Mont-Laurier et nomination \u00e9piscopale &#8211; mercredi, juin 1, 2022 Sa Saintet\u00e9 le pape Fran\u00e7ois a annonc\u00e9 la fusion du dioc\u00e8se de Saint-J\u00e9r\u00f4me et du dioc\u00e8se de Mont-Laurier, actuellement unis\u00a0en la personne de l\u2019\u00e9v\u00eaque\u00a0en une seule circonscription eccl\u00e9siastique et de cr\u00e9er le dioc\u00e8se de St-J\u00e9r\u00f4me-Mont-Laurier. Mgr Raymond Poisson est nomm\u00e9 \u00e9v\u00eaque du nouveau dioc\u00e8se de St-J\u00e9r\u00f4me-Mont-Laurier. Mgr Poisson servait auparavant en tant qu\u2019\u00e9v\u00eaque des deux dioc\u00e8ses autrefois s\u00e9par\u00e9s de Saint-J\u00e9r\u00f4me et de [&hellip;]<\/p>\n","protected":false},"author":1,"featured_media":3815,"comment_status":"closed","ping_status":"closed","sticky":false,"template":"","format":"standard","meta":{"_monsterinsights_skip_tracking":false,"_monsterinsights_sitenote_active":false,"_monsterinsights_sitenote_note":"","_monsterinsights_sitenote_category":0,"footnotes":"","_links_to":"","_links_to_target":""},"categories":[114],"tags":[],"class_list":["post-9254","post","type-post","status-publish","format-standard","has-post-thumbnail","hentry","category-bulletin"],"post_mailing_queue_ids":[],"_links":{"self":[{"href":"https:\/\/pembrokediocese.com\/fr\/wp-json\/wp\/v2\/posts\/9254","targetHints":{"allow":["GET"]}}],"collection":[{"href":"https:\/\/pembrokediocese.com\/fr\/wp-json\/wp\/v2\/posts"}],"about":[{"href":"https:\/\/pembrokediocese.com\/fr\/wp-json\/wp\/v2\/types\/post"}],"author":[{"embeddable":true,"href":"https:\/\/pembrokediocese.com\/fr\/wp-json\/wp\/v2\/users\/1"}],"replies":[{"embeddable":true,"href":"https:\/\/pembrokediocese.com\/fr\/wp-json\/wp\/v2\/comments?post=9254"}],"version-history":[{"count":2,"href":"https:\/\/pembrokediocese.com\/fr\/wp-json\/wp\/v2\/posts\/9254\/revisions"}],"predecessor-version":[{"id":9256,"href":"https:\/\/pembrokediocese.com\/fr\/wp-json\/wp\/v2\/posts\/9254\/revisions\/9256"}],"wp:featuredmedia":[{"embeddable":true,"href":"https:\/\/pembrokediocese.com\/fr\/wp-json\/wp\/v2\/media\/3815"}],"wp:attachment":[{"href":"https:\/\/pembrokediocese.com\/fr\/wp-json\/wp\/v2\/media?parent=9254"}],"wp:term":[{"taxonomy":"category","embeddable":true,"href":"https:\/\/pembrokediocese.com\/fr\/wp-json\/wp\/v2\/categories?post=9254"},{"taxonomy":"post_tag","embeddable":true,"href":"https:\/\/pembrokediocese.com\/fr\/wp-json\/wp\/v2\/tags?post=9254"}],"curies":[{"name":"wp","href":"https:\/\/api.w.org\/{rel}","templated":true}]}}