{"id":9453,"date":"2022-06-17T15:57:28","date_gmt":"2022-06-17T19:57:28","guid":{"rendered":"https:\/\/pembrokediocese.com\/article\/statement-from-bishop-guy-desrochers-cssr\/"},"modified":"2022-06-17T16:02:00","modified_gmt":"2022-06-17T20:02:00","slug":"declaration-de-mgr-guy-desrochers-cssr","status":"publish","type":"post","link":"https:\/\/pembrokediocese.com\/fr\/article\/declaration-de-mgr-guy-desrochers-cssr\/","title":{"rendered":"D\u00e9claration de Mgr Guy Desrochers CSsR"},"content":{"rendered":"<p>C&rsquo;est avec une profonde tristesse que Mgr Desrochers communique \u00e0 notre communaut\u00e9 ce qui suit :<\/p>\n<p>Au cours des derniers jours, le dioc\u00e8se de Pembroke a re\u00e7u des all\u00e9gations historiques d&rsquo;abus sexuels sur des mineures contre le P\u00e8re Norbert Cybulski, un pr\u00eatre retrait\u00e9 du dioc\u00e8se. Les personnes qui ont fait ces rapports sont aujourd&rsquo;hui adultes mais \u00e9taient mineures au moment des faits all\u00e9gu\u00e9s. Le dioc\u00e8se les a encourag\u00e9es \u00e0 signaler \u00e9galement leurs all\u00e9gations aux services de police. Comme elles \u00e9taient mineures, le dioc\u00e8se ne commentera pas publiquement les d\u00e9tails qui ont \u00e9t\u00e9 re\u00e7us.<\/p>\n<p>Mgr Desrochers a imm\u00e9diatement ouvert une enqu\u00eate pr\u00e9liminaire sur les informations qui ont \u00e9t\u00e9 re\u00e7ues. Comme l&rsquo;exige le droit universel de l&rsquo;\u00c9glise catholique, les all\u00e9gations seront transmises au Dicast\u00e8re pour la Doctrine de la Foi \u00e0 Rome, qui est le d\u00e9partement comp\u00e9tent du Saint-Si\u00e8ge pour \u00e9valuer de telles all\u00e9gations. Pendant cette p\u00e9riode d&rsquo;enqu\u00eate, les facult\u00e9s du P\u00e8re Cybulski \u00e0 exercer un minist\u00e8re public ont \u00e9t\u00e9 retir\u00e9es.<\/p>\n<p>Le dioc\u00e8se de Pembroke apporte son soutien \u00e0 toutes les parties concern\u00e9es par cette affaire, coop\u00e9rera et respectera les droits de toutes les personnes impliqu\u00e9es au fur et \u00e0 mesure que les d\u00e9tails se d\u00e9voileront, et il prie pour que la v\u00e9rit\u00e9 sur cette affaire soit r\u00e9v\u00e9l\u00e9e.<\/p>\n<p style=\"font-weight: 590;\">17 juin 2022<\/p>\n","protected":false},"excerpt":{"rendered":"<p>C&rsquo;est avec une profonde tristesse que Mgr Desrochers communique \u00e0 notre communaut\u00e9 ce qui suit : Au cours des derniers jours, le dioc\u00e8se de Pembroke a re\u00e7u des all\u00e9gations historiques d&rsquo;abus sexuels sur des mineures contre le P\u00e8re Norbert Cybulski, un pr\u00eatre retrait\u00e9 du dioc\u00e8se. Les personnes qui ont fait ces rapports sont aujourd&rsquo;hui adultes mais \u00e9taient mineures au moment des faits all\u00e9gu\u00e9s. Le dioc\u00e8se les a encourag\u00e9es \u00e0 signaler \u00e9galement leurs all\u00e9gations aux services de police. Comme elles \u00e9taient mineures, le dioc\u00e8se ne commentera pas publiquement les d\u00e9tails qui ont \u00e9t\u00e9 re\u00e7us. Mgr Desrochers a imm\u00e9diatement ouvert une enqu\u00eate pr\u00e9liminaire sur les informations qui ont \u00e9t\u00e9 re\u00e7ues. Comme l&rsquo;exige le droit universel de l&rsquo;\u00c9glise catholique, les all\u00e9gations seront transmises au Dicast\u00e8re pour la Doctrine de la Foi \u00e0 Rome, qui est le d\u00e9partement comp\u00e9tent du Saint-Si\u00e8ge pour \u00e9valuer de telles all\u00e9gations. Pendant cette p\u00e9riode d&rsquo;enqu\u00eate, les facult\u00e9s du P\u00e8re Cybulski \u00e0 exercer un minist\u00e8re public ont \u00e9t\u00e9 retir\u00e9es. Le dioc\u00e8se de Pembroke apporte son soutien \u00e0 toutes les parties concern\u00e9es par cette affaire, coop\u00e9rera et respectera les droits de toutes les personnes impliqu\u00e9es au fur et \u00e0 mesure que les d\u00e9tails se d\u00e9voileront, et il prie pour que la v\u00e9rit\u00e9 sur cette affaire soit r\u00e9v\u00e9l\u00e9e. 17 juin 2022<\/p>\n","protected":false},"author":1,"featured_media":3886,"comment_status":"closed","ping_status":"closed","sticky":false,"template":"","format":"standard","meta":{"_monsterinsights_skip_tracking":false,"_monsterinsights_sitenote_active":false,"_monsterinsights_sitenote_note":"","_monsterinsights_sitenote_category":0,"footnotes":"","_links_to":"","_links_to_target":""},"categories":[162,84],"tags":[],"class_list":["post-9453","post","type-post","status-publish","format-standard","has-post-thumbnail","hentry","category-message-de-leveque","category-article"],"post_mailing_queue_ids":[],"_links":{"self":[{"href":"https:\/\/pembrokediocese.com\/fr\/wp-json\/wp\/v2\/posts\/9453","targetHints":{"allow":["GET"]}}],"collection":[{"href":"https:\/\/pembrokediocese.com\/fr\/wp-json\/wp\/v2\/posts"}],"about":[{"href":"https:\/\/pembrokediocese.com\/fr\/wp-json\/wp\/v2\/types\/post"}],"author":[{"embeddable":true,"href":"https:\/\/pembrokediocese.com\/fr\/wp-json\/wp\/v2\/users\/1"}],"replies":[{"embeddable":true,"href":"https:\/\/pembrokediocese.com\/fr\/wp-json\/wp\/v2\/comments?post=9453"}],"version-history":[{"count":2,"href":"https:\/\/pembrokediocese.com\/fr\/wp-json\/wp\/v2\/posts\/9453\/revisions"}],"predecessor-version":[{"id":9457,"href":"https:\/\/pembrokediocese.com\/fr\/wp-json\/wp\/v2\/posts\/9453\/revisions\/9457"}],"wp:featuredmedia":[{"embeddable":true,"href":"https:\/\/pembrokediocese.com\/fr\/wp-json\/wp\/v2\/media\/3886"}],"wp:attachment":[{"href":"https:\/\/pembrokediocese.com\/fr\/wp-json\/wp\/v2\/media?parent=9453"}],"wp:term":[{"taxonomy":"category","embeddable":true,"href":"https:\/\/pembrokediocese.com\/fr\/wp-json\/wp\/v2\/categories?post=9453"},{"taxonomy":"post_tag","embeddable":true,"href":"https:\/\/pembrokediocese.com\/fr\/wp-json\/wp\/v2\/tags?post=9453"}],"curies":[{"name":"wp","href":"https:\/\/api.w.org\/{rel}","templated":true}]}}