{"id":9707,"date":"2022-08-03T11:06:09","date_gmt":"2022-08-03T15:06:09","guid":{"rendered":"https:\/\/pembrokediocese.com\/article\/pope-francis-canada-2022\/"},"modified":"2022-08-03T18:25:54","modified_gmt":"2022-08-03T22:25:54","slug":"pape-francois-canada-2022","status":"publish","type":"post","link":"https:\/\/pembrokediocese.com\/fr\/article\/pape-francois-canada-2022\/","title":{"rendered":"Pape Fran\u00e7ois Canada 2022"},"content":{"rendered":"<p>Mgr Guy Desrochers et le diacre Adrien Chaput du dioc\u00e8se de Pembroke ont tous deux eu l&rsquo;occasion de voir et d&rsquo;entendre Sa Saintet\u00e9 le pape Fran\u00e7ois. <a href=\"https:\/\/www.visitepapale.ca\/\" target=\"_blank\" rel=\"noopener\">Cliquez ici<\/a> pour en savoir plus sur la visite du pape Fran\u00e7ois au Canada.<\/p>\n<p>Cliquez sur une image ci-dessous pour la voir plus en d\u00e9tail.<\/p>\n<p>Cr\u00e9dit d&rsquo;imagerie : Fonds-Daniel Abel.<\/p>\n\n\t\t<style type=\"text\/css\">\n\t\t\t#gallery-1 {\n\t\t\t\tmargin: auto;\n\t\t\t}\n\t\t\t#gallery-1 .gallery-item {\n\t\t\t\tfloat: left;\n\t\t\t\tmargin-top: 10px;\n\t\t\t\ttext-align: center;\n\t\t\t\twidth: 25%;\n\t\t\t}\n\t\t\t#gallery-1 img {\n\t\t\t\tborder: 2px solid #cfcfcf;\n\t\t\t}\n\t\t\t#gallery-1 .gallery-caption {\n\t\t\t\tmargin-left: 0;\n\t\t\t}\n\t\t\t\/* see gallery_shortcode() in wp-includes\/media.php *\/\n\t\t<\/style>\n\t\t<div id='gallery-1' class='gallery galleryid-9707 gallery-columns-4 gallery-size-medium'><dl class='gallery-item'>\n\t\t\t<dt class='gallery-icon landscape'>\n\t\t\t\t<a href='https:\/\/pembrokediocese.com\/wp-content\/uploads\/33O4233-scaled.jpg'><img loading=\"lazy\" decoding=\"async\" width=\"200\" height=\"125\" src=\"https:\/\/pembrokediocese.com\/wp-content\/uploads\/33O4233-200x125.jpg\" class=\"attachment-medium size-medium\" alt=\"\" srcset=\"https:\/\/pembrokediocese.com\/wp-content\/uploads\/33O4233-200x125.jpg 200w, https:\/\/pembrokediocese.com\/wp-content\/uploads\/33O4233-1024x642.jpg 1024w, https:\/\/pembrokediocese.com\/wp-content\/uploads\/33O4233-768x481.jpg 768w, https:\/\/pembrokediocese.com\/wp-content\/uploads\/33O4233-1536x963.jpg 1536w, https:\/\/pembrokediocese.com\/wp-content\/uploads\/33O4233-2048x1284.jpg 2048w, https:\/\/pembrokediocese.com\/wp-content\/uploads\/33O4233-958x600.jpg 958w, https:\/\/pembrokediocese.com\/wp-content\/uploads\/33O4233-330x206.jpg 330w, https:\/\/pembrokediocese.com\/wp-content\/uploads\/33O4233-800x500.jpg 800w\" sizes=\"(max-width: 200px) 100vw, 200px\" \/><\/a>\n\t\t\t<\/dt><\/dl><dl class='gallery-item'>\n\t\t\t<dt class='gallery-icon landscape'>\n\t\t\t\t<a href='https:\/\/pembrokediocese.com\/wp-content\/uploads\/ABH_7695-scaled.jpg'><img loading=\"lazy\" decoding=\"async\" width=\"200\" height=\"143\" src=\"https:\/\/pembrokediocese.com\/wp-content\/uploads\/ABH_7695-200x143.jpg\" class=\"attachment-medium size-medium\" alt=\"\" srcset=\"https:\/\/pembrokediocese.com\/wp-content\/uploads\/ABH_7695-200x143.jpg 200w, https:\/\/pembrokediocese.com\/wp-content\/uploads\/ABH_7695-1024x731.jpg 1024w, https:\/\/pembrokediocese.com\/wp-content\/uploads\/ABH_7695-768x549.jpg 768w, https:\/\/pembrokediocese.com\/wp-content\/uploads\/ABH_7695-1536x1097.jpg 1536w, https:\/\/pembrokediocese.com\/wp-content\/uploads\/ABH_7695-2048x1463.jpg 2048w, https:\/\/pembrokediocese.com\/wp-content\/uploads\/ABH_7695-958x684.jpg 958w\" sizes=\"(max-width: 200px) 100vw, 200px\" \/><\/a>\n\t\t\t<\/dt><\/dl><dl class='gallery-item'>\n\t\t\t<dt class='gallery-icon portrait'>\n\t\t\t\t<a href='https:\/\/pembrokediocese.com\/wp-content\/uploads\/33O4275-scaled.jpg'><img loading=\"lazy\" decoding=\"async\" width=\"143\" height=\"200\" src=\"https:\/\/pembrokediocese.com\/wp-content\/uploads\/33O4275-196x275.jpg\" class=\"attachment-medium size-medium\" alt=\"\" srcset=\"https:\/\/pembrokediocese.com\/wp-content\/uploads\/33O4275-196x275.jpg 196w, https:\/\/pembrokediocese.com\/wp-content\/uploads\/33O4275-731x1024.jpg 731w, https:\/\/pembrokediocese.com\/wp-content\/uploads\/33O4275-768x1075.jpg 768w, https:\/\/pembrokediocese.com\/wp-content\/uploads\/33O4275-1097x1536.jpg 1097w, https:\/\/pembrokediocese.com\/wp-content\/uploads\/33O4275-1463x2048.jpg 1463w, https:\/\/pembrokediocese.com\/wp-content\/uploads\/33O4275-958x1341.jpg 958w, https:\/\/pembrokediocese.com\/wp-content\/uploads\/33O4275-scaled.jpg 1829w\" sizes=\"(max-width: 143px) 100vw, 143px\" \/><\/a>\n\t\t\t<\/dt><\/dl><dl class='gallery-item'>\n\t\t\t<dt class='gallery-icon portrait'>\n\t\t\t\t<a href='https:\/\/pembrokediocese.com\/wp-content\/uploads\/ABH_7942-scaled.jpg'><img loading=\"lazy\" decoding=\"async\" width=\"143\" height=\"200\" src=\"https:\/\/pembrokediocese.com\/wp-content\/uploads\/ABH_7942-196x275.jpg\" class=\"attachment-medium size-medium\" alt=\"\" srcset=\"https:\/\/pembrokediocese.com\/wp-content\/uploads\/ABH_7942-196x275.jpg 196w, https:\/\/pembrokediocese.com\/wp-content\/uploads\/ABH_7942-731x1024.jpg 731w, https:\/\/pembrokediocese.com\/wp-content\/uploads\/ABH_7942-768x1075.jpg 768w, https:\/\/pembrokediocese.com\/wp-content\/uploads\/ABH_7942-1097x1536.jpg 1097w, https:\/\/pembrokediocese.com\/wp-content\/uploads\/ABH_7942-1463x2048.jpg 1463w, https:\/\/pembrokediocese.com\/wp-content\/uploads\/ABH_7942-958x1341.jpg 958w, https:\/\/pembrokediocese.com\/wp-content\/uploads\/ABH_7942-scaled.jpg 1829w\" sizes=\"(max-width: 143px) 100vw, 143px\" \/><\/a>\n\t\t\t<\/dt><\/dl><br style=\"clear: both\" \/><dl class='gallery-item'>\n\t\t\t<dt class='gallery-icon portrait'>\n\t\t\t\t<a href='https:\/\/pembrokediocese.com\/wp-content\/uploads\/ABH_7934-scaled.jpg'><img loading=\"lazy\" decoding=\"async\" width=\"143\" height=\"200\" src=\"https:\/\/pembrokediocese.com\/wp-content\/uploads\/ABH_7934-196x275.jpg\" class=\"attachment-medium size-medium\" alt=\"\" srcset=\"https:\/\/pembrokediocese.com\/wp-content\/uploads\/ABH_7934-196x275.jpg 196w, https:\/\/pembrokediocese.com\/wp-content\/uploads\/ABH_7934-731x1024.jpg 731w, https:\/\/pembrokediocese.com\/wp-content\/uploads\/ABH_7934-768x1076.jpg 768w, https:\/\/pembrokediocese.com\/wp-content\/uploads\/ABH_7934-1097x1536.jpg 1097w, https:\/\/pembrokediocese.com\/wp-content\/uploads\/ABH_7934-1462x2048.jpg 1462w, https:\/\/pembrokediocese.com\/wp-content\/uploads\/ABH_7934-958x1342.jpg 958w, https:\/\/pembrokediocese.com\/wp-content\/uploads\/ABH_7934-scaled.jpg 1828w\" sizes=\"(max-width: 143px) 100vw, 143px\" \/><\/a>\n\t\t\t<\/dt><\/dl><dl class='gallery-item'>\n\t\t\t<dt class='gallery-icon portrait'>\n\t\t\t\t<a href='https:\/\/pembrokediocese.com\/wp-content\/uploads\/ABH_7808-scaled.jpg'><img loading=\"lazy\" decoding=\"async\" width=\"143\" height=\"200\" src=\"https:\/\/pembrokediocese.com\/wp-content\/uploads\/ABH_7808-196x275.jpg\" class=\"attachment-medium size-medium\" alt=\"\" srcset=\"https:\/\/pembrokediocese.com\/wp-content\/uploads\/ABH_7808-196x275.jpg 196w, https:\/\/pembrokediocese.com\/wp-content\/uploads\/ABH_7808-731x1024.jpg 731w, https:\/\/pembrokediocese.com\/wp-content\/uploads\/ABH_7808-768x1075.jpg 768w, https:\/\/pembrokediocese.com\/wp-content\/uploads\/ABH_7808-1097x1536.jpg 1097w, https:\/\/pembrokediocese.com\/wp-content\/uploads\/ABH_7808-1463x2048.jpg 1463w, https:\/\/pembrokediocese.com\/wp-content\/uploads\/ABH_7808-958x1341.jpg 958w, https:\/\/pembrokediocese.com\/wp-content\/uploads\/ABH_7808-scaled.jpg 1828w\" sizes=\"(max-width: 143px) 100vw, 143px\" \/><\/a>\n\t\t\t<\/dt><\/dl><dl class='gallery-item'>\n\t\t\t<dt class='gallery-icon landscape'>\n\t\t\t\t<a href='https:\/\/pembrokediocese.com\/wp-content\/uploads\/ABH_7986-scaled.jpg'><img loading=\"lazy\" decoding=\"async\" width=\"200\" height=\"188\" src=\"https:\/\/pembrokediocese.com\/wp-content\/uploads\/ABH_7986-200x188.jpg\" class=\"attachment-medium size-medium\" alt=\"\" srcset=\"https:\/\/pembrokediocese.com\/wp-content\/uploads\/ABH_7986-200x188.jpg 200w, https:\/\/pembrokediocese.com\/wp-content\/uploads\/ABH_7986-1024x964.jpg 1024w, https:\/\/pembrokediocese.com\/wp-content\/uploads\/ABH_7986-768x723.jpg 768w, https:\/\/pembrokediocese.com\/wp-content\/uploads\/ABH_7986-1536x1446.jpg 1536w, https:\/\/pembrokediocese.com\/wp-content\/uploads\/ABH_7986-2048x1928.jpg 2048w, https:\/\/pembrokediocese.com\/wp-content\/uploads\/ABH_7986-958x902.jpg 958w\" sizes=\"(max-width: 200px) 100vw, 200px\" \/><\/a>\n\t\t\t<\/dt><\/dl><dl class='gallery-item'>\n\t\t\t<dt class='gallery-icon portrait'>\n\t\t\t\t<a href='https:\/\/pembrokediocese.com\/wp-content\/uploads\/ABH_7805-scaled.jpg'><img loading=\"lazy\" decoding=\"async\" width=\"160\" height=\"200\" src=\"https:\/\/pembrokediocese.com\/wp-content\/uploads\/ABH_7805-200x250.jpg\" class=\"attachment-medium size-medium\" alt=\"\" srcset=\"https:\/\/pembrokediocese.com\/wp-content\/uploads\/ABH_7805-200x250.jpg 200w, https:\/\/pembrokediocese.com\/wp-content\/uploads\/ABH_7805-819x1024.jpg 819w, https:\/\/pembrokediocese.com\/wp-content\/uploads\/ABH_7805-768x960.jpg 768w, https:\/\/pembrokediocese.com\/wp-content\/uploads\/ABH_7805-1229x1536.jpg 1229w, https:\/\/pembrokediocese.com\/wp-content\/uploads\/ABH_7805-1638x2048.jpg 1638w, https:\/\/pembrokediocese.com\/wp-content\/uploads\/ABH_7805-958x1198.jpg 958w, https:\/\/pembrokediocese.com\/wp-content\/uploads\/ABH_7805-scaled.jpg 2048w\" sizes=\"(max-width: 160px) 100vw, 160px\" \/><\/a>\n\t\t\t<\/dt><\/dl><br style=\"clear: both\" \/><dl class='gallery-item'>\n\t\t\t<dt class='gallery-icon portrait'>\n\t\t\t\t<a href='https:\/\/pembrokediocese.com\/wp-content\/uploads\/ABH_7979-scaled.jpg'><img loading=\"lazy\" decoding=\"async\" width=\"160\" height=\"200\" src=\"https:\/\/pembrokediocese.com\/wp-content\/uploads\/ABH_7979-200x250.jpg\" class=\"attachment-medium size-medium\" alt=\"\" srcset=\"https:\/\/pembrokediocese.com\/wp-content\/uploads\/ABH_7979-200x250.jpg 200w, https:\/\/pembrokediocese.com\/wp-content\/uploads\/ABH_7979-819x1024.jpg 819w, https:\/\/pembrokediocese.com\/wp-content\/uploads\/ABH_7979-768x960.jpg 768w, https:\/\/pembrokediocese.com\/wp-content\/uploads\/ABH_7979-1229x1536.jpg 1229w, https:\/\/pembrokediocese.com\/wp-content\/uploads\/ABH_7979-1638x2048.jpg 1638w, https:\/\/pembrokediocese.com\/wp-content\/uploads\/ABH_7979-958x1198.jpg 958w, https:\/\/pembrokediocese.com\/wp-content\/uploads\/ABH_7979-scaled.jpg 2048w\" sizes=\"(max-width: 160px) 100vw, 160px\" \/><\/a>\n\t\t\t<\/dt><\/dl><dl class='gallery-item'>\n\t\t\t<dt class='gallery-icon portrait'>\n\t\t\t\t<a href='https:\/\/pembrokediocese.com\/wp-content\/uploads\/ABH_7990-scaled.jpg'><img loading=\"lazy\" decoding=\"async\" width=\"144\" height=\"200\" src=\"https:\/\/pembrokediocese.com\/wp-content\/uploads\/ABH_7990-198x275.jpg\" class=\"attachment-medium size-medium\" alt=\"\" srcset=\"https:\/\/pembrokediocese.com\/wp-content\/uploads\/ABH_7990-198x275.jpg 198w, https:\/\/pembrokediocese.com\/wp-content\/uploads\/ABH_7990-738x1024.jpg 738w, https:\/\/pembrokediocese.com\/wp-content\/uploads\/ABH_7990-768x1065.jpg 768w, https:\/\/pembrokediocese.com\/wp-content\/uploads\/ABH_7990-1107x1536.jpg 1107w, https:\/\/pembrokediocese.com\/wp-content\/uploads\/ABH_7990-1476x2048.jpg 1476w, https:\/\/pembrokediocese.com\/wp-content\/uploads\/ABH_7990-958x1329.jpg 958w, https:\/\/pembrokediocese.com\/wp-content\/uploads\/ABH_7990-scaled.jpg 1845w\" sizes=\"(max-width: 144px) 100vw, 144px\" \/><\/a>\n\t\t\t<\/dt><\/dl><dl class='gallery-item'>\n\t\t\t<dt class='gallery-icon landscape'>\n\t\t\t\t<a href='https:\/\/pembrokediocese.com\/wp-content\/uploads\/33O4257-scaled.jpg'><img loading=\"lazy\" decoding=\"async\" width=\"200\" height=\"160\" src=\"https:\/\/pembrokediocese.com\/wp-content\/uploads\/33O4257-200x160.jpg\" class=\"attachment-medium size-medium\" alt=\"\" srcset=\"https:\/\/pembrokediocese.com\/wp-content\/uploads\/33O4257-200x160.jpg 200w, https:\/\/pembrokediocese.com\/wp-content\/uploads\/33O4257-1024x819.jpg 1024w, https:\/\/pembrokediocese.com\/wp-content\/uploads\/33O4257-768x614.jpg 768w, https:\/\/pembrokediocese.com\/wp-content\/uploads\/33O4257-1536x1228.jpg 1536w, https:\/\/pembrokediocese.com\/wp-content\/uploads\/33O4257-2048x1638.jpg 2048w, https:\/\/pembrokediocese.com\/wp-content\/uploads\/33O4257-958x766.jpg 958w, https:\/\/pembrokediocese.com\/wp-content\/uploads\/33O4257-1000x800.jpg 1000w\" sizes=\"(max-width: 200px) 100vw, 200px\" \/><\/a>\n\t\t\t<\/dt><\/dl><dl class='gallery-item'>\n\t\t\t<dt class='gallery-icon landscape'>\n\t\t\t\t<a href='https:\/\/pembrokediocese.com\/wp-content\/uploads\/33O4413-scaled.jpg'><img loading=\"lazy\" decoding=\"async\" width=\"200\" height=\"88\" src=\"https:\/\/pembrokediocese.com\/wp-content\/uploads\/33O4413-200x88.jpg\" class=\"attachment-medium size-medium\" alt=\"\" srcset=\"https:\/\/pembrokediocese.com\/wp-content\/uploads\/33O4413-200x88.jpg 200w, https:\/\/pembrokediocese.com\/wp-content\/uploads\/33O4413-1024x448.jpg 1024w, https:\/\/pembrokediocese.com\/wp-content\/uploads\/33O4413-768x336.jpg 768w, https:\/\/pembrokediocese.com\/wp-content\/uploads\/33O4413-1536x673.jpg 1536w, https:\/\/pembrokediocese.com\/wp-content\/uploads\/33O4413-2048x897.jpg 2048w, https:\/\/pembrokediocese.com\/wp-content\/uploads\/33O4413-958x420.jpg 958w\" sizes=\"(max-width: 200px) 100vw, 200px\" \/><\/a>\n\t\t\t<\/dt><\/dl><br style=\"clear: both\" \/>\n\t\t<\/div>\n\n","protected":false},"excerpt":{"rendered":"<p>Mgr Guy Desrochers et le diacre Adrien Chaput du dioc\u00e8se de Pembroke ont tous deux eu l&rsquo;occasion de voir et d&rsquo;entendre Sa Saintet\u00e9 le pape Fran\u00e7ois. Cliquez ici pour en savoir plus sur la visite du pape Fran\u00e7ois au Canada. Cliquez sur une image ci-dessous pour la voir plus en d\u00e9tail. Cr\u00e9dit d&rsquo;imagerie : Fonds-Daniel Abel.<\/p>\n","protected":false},"author":1,"featured_media":9719,"comment_status":"closed","ping_status":"open","sticky":false,"template":"","format":"standard","meta":{"_monsterinsights_skip_tracking":false,"_monsterinsights_sitenote_active":false,"_monsterinsights_sitenote_note":"","_monsterinsights_sitenote_category":0,"footnotes":"","_links_to":"","_links_to_target":""},"categories":[84],"tags":[],"class_list":["post-9707","post","type-post","status-publish","format-standard","has-post-thumbnail","hentry","category-article"],"post_mailing_queue_ids":[],"_links":{"self":[{"href":"https:\/\/pembrokediocese.com\/fr\/wp-json\/wp\/v2\/posts\/9707","targetHints":{"allow":["GET"]}}],"collection":[{"href":"https:\/\/pembrokediocese.com\/fr\/wp-json\/wp\/v2\/posts"}],"about":[{"href":"https:\/\/pembrokediocese.com\/fr\/wp-json\/wp\/v2\/types\/post"}],"author":[{"embeddable":true,"href":"https:\/\/pembrokediocese.com\/fr\/wp-json\/wp\/v2\/users\/1"}],"replies":[{"embeddable":true,"href":"https:\/\/pembrokediocese.com\/fr\/wp-json\/wp\/v2\/comments?post=9707"}],"version-history":[{"count":4,"href":"https:\/\/pembrokediocese.com\/fr\/wp-json\/wp\/v2\/posts\/9707\/revisions"}],"predecessor-version":[{"id":9753,"href":"https:\/\/pembrokediocese.com\/fr\/wp-json\/wp\/v2\/posts\/9707\/revisions\/9753"}],"wp:featuredmedia":[{"embeddable":true,"href":"https:\/\/pembrokediocese.com\/fr\/wp-json\/wp\/v2\/media\/9719"}],"wp:attachment":[{"href":"https:\/\/pembrokediocese.com\/fr\/wp-json\/wp\/v2\/media?parent=9707"}],"wp:term":[{"taxonomy":"category","embeddable":true,"href":"https:\/\/pembrokediocese.com\/fr\/wp-json\/wp\/v2\/categories?post=9707"},{"taxonomy":"post_tag","embeddable":true,"href":"https:\/\/pembrokediocese.com\/fr\/wp-json\/wp\/v2\/tags?post=9707"}],"curies":[{"name":"wp","href":"https:\/\/api.w.org\/{rel}","templated":true}]}}